{"id":20758,"date":"2026-09-03T13:17:27","date_gmt":"2026-09-03T11:17:27","guid":{"rendered":"https:\/\/came-italy.com\/?p=20758"},"modified":"2026-09-03T13:17:27","modified_gmt":"2026-09-03T11:17:27","slug":"wir-freuen-uns-auf-ihren-besuch-auf-der-coiltech-pordenone-2026","status":"publish","type":"post","link":"https:\/\/came-italy.com\/de\/wir-freuen-uns-auf-ihren-besuch-auf-der-coiltech-pordenone-2026\/","title":{"rendered":"Wir freuen uns auf Ihren Besuch auf der Coiltech Pordenone 2026"},"content":{"rendered":"<div style=\"margin: 35px 0 55px 0;\">\n<h2 style=\"margin-bottom: 30px; line-height: 1.5;\">Auf der Messe werden wir einige unserer Innovationen zur Effizienzsteigerung von Elektropumpen und zur Risikominimierung bei der industriellen Fertigung von BLDC-Motoren vorstellen.<\/h2>\n<\/div>\n<p><a class=\"button\" href=\"https:\/\/www.quickfairs.net\/visitatori\/form_visitatori_step1.asp?idf=114&amp;id_zona=2&amp;id_menu=9&amp;om=n\"><strong>TICKET HERUNTERLADEN<\/strong><\/a><\/p>\n<p>&nbsp;<\/p>\n<h2 style=\"margin-bottom: 22px; line-height: 1.45;\"><b>Am 23. und 24. September 2026 in Pordenone<\/b><\/h2>\n<p><span style=\"font-weight: 400;\">Die Coiltech ist mit mehr als 450 Ausstellern eine der wichtigsten internationalen Messen f\u00fcr Wicklungen f\u00fcr Elektromotoren. Eine perfekte Veranstaltung, um sich \u00fcber die neuesten Markttrends zu informieren und mit uns \u00fcber Ihre neuen Projekte zu sprechen.<\/span><\/p>\n<p>&nbsp;<\/p>\n<h2 style=\"margin-bottom: 22px; line-height: 1.45;\"><b>Wir sind am Stand 5-B20 vertreten<\/b><\/h2>\n<p><span style=\"font-weight: 400;\">Sie k\u00f6nnen mit uns \u00fcber folgende Themen sprechen:<\/span><\/p>\n<ul style=\"padding-left: 18px; margin-left: 0; margin-top: 15px; margin-bottom: 25px; list-style-position: outside;\">\n<li style=\"list-style-type: none;\">\n<ul style=\"padding-left: 18px; margin-left: 0; margin-top: 15px; margin-bottom: 25px; list-style-position: outside;\">\n<li>L\u00f6sungen zur <a href=\"https:\/\/came-italy.com\/de\/die-loesung-von-came-fuer-einen-kompakteren-motor-und-effizientere-elektropumpen\/\">Optimierung Ihres Projekts<\/a>,<\/li>\n<li><a href=\"https:\/\/came-italy.com\/de\/bearbeitung-und-montage\/\">Risikominimierung<\/a> vor industriellen Investitionen,<\/li>\n<li>Risikominimierung bei der <a href=\"https:\/\/came-italy.com\/de\/optimierung-eines-bldc-projekts-verringerung-der-risiken-bei-der-industrialisierung\/\">industriellen Fertigung von BLDC-Motoren<\/a>,<\/li>\n<li>Beauftragung der <a href=\"https:\/\/came-italy.com\/de\/uebertragung-der-ul-pruefung-an-came-zur-vereinfachung-der-verwaltung-des-kunden\/\">UL-Pr\u00fcfung<\/a>.<\/li>\n<\/ul>\n<\/li>\n<\/ul>\n<p><span style=\"font-weight: 400;\">Sie k\u00f6nnen <strong>einen Termin mit uns vereinbaren<\/strong>, indem Sie die Nummer <a href=\"tel:+390444488282\">+39 0444 488282<\/a> anrufen oder eine E-Mail an <a href=\"mailto:consulting@came-italy.com\">consulting@came-italy.com<\/a> senden<\/span><\/p>\n<p>&nbsp;<\/p>\n<p><b>Adresse<\/b><\/p>\n<p><a href=\"https:\/\/maps.app.goo.gl\/LcZgjj1TV7Q7HjWG7\"><span style=\"font-weight: 400;\">Pordenone Fiere, Viale Treviso, 1, 33170 Pordenone<\/span><\/a><\/p>\n<p>&nbsp;<\/p>\n<p><b>\u00d6ffnungszeiten f\u00fcr Besucher<\/b><\/p>\n<p><span style=\"font-weight: 400;\">Mittwoch 23. September: 9.00 \u2013 18.00<\/span><\/p>\n<p><span style=\"font-weight: 400;\">Donnerstag 24. September: 9.00 \u2013 17.00<\/span><\/p>\n<p>&nbsp;<br \/>\n<iframe loading=\"lazy\" style=\"border: 0;\" src=\"https:\/\/www.google.com\/maps?q=Pordenone+Fiere,+Viale+Treviso+1,+33170+Pordenone,+Italy&amp;output=embed\" width=\"850\" height=\"500\" allowfullscreen=\"allowfullscreen\"><br \/>\n<\/iframe><\/p>\n","protected":false},"excerpt":{"rendered":"<p>Auf der Messe werden wir einige unserer Innovationen zur Effizienzsteigerung von Elektropumpen und zur Risikominimierung bei der industriellen Fertigung von BLDC-Motoren vorstellen. TICKET HERUNTERLADEN &nbsp; Am 23. und 24. September 2026 in Pordenone Die Coiltech ist mit mehr als 450 Ausstellern eine der wichtigsten internationalen Messen f\u00fcr Wicklungen f\u00fcr Elektromotoren. Eine perfekte Veranstaltung, um sich [&hellip;]<\/p>\n","protected":false},"author":14,"featured_media":20754,"comment_status":"open","ping_status":"open","sticky":false,"template":"","format":"standard","meta":{"ngg_post_thumbnail":0,"footnotes":""},"categories":[145],"tags":[2764,2763,2744,2754,2596,2677,925,2620,2730,2765,829,2755,2766,705],"class_list":["post-20758","post","type-post","status-publish","format-standard","has-post-thumbnail","hentry","category-unkategorisiert","tag-bldc_motoren","tag-cameitaly","tag-coiltech","tag-coiltech2026","tag-elektromotoren","tag-elektropumpen","tag-energieeffizienz","tag-industrialisierung","tag-industrie","tag-industrieautomation","tag-innovation-de","tag-pordenone","tag-ul_zertifizierung","tag-wicklungen"],"yoast_head":"<!-- This site is optimized with the Yoast SEO plugin v28.3 - https:\/\/yoast.com\/product\/yoast-seo-wordpress\/ -->\n<title>Wir freuen uns auf Ihren Besuch auf der Coiltech Pordenone 2026 - Came Spa<\/title>\n<meta name=\"robots\" content=\"index, follow, max-snippet:-1, max-image-preview:large, max-video-preview:-1\" \/>\n<link rel=\"canonical\" href=\"https:\/\/came-italy.com\/de\/wir-freuen-uns-auf-ihren-besuch-auf-der-coiltech-pordenone-2026\/\" \/>\n<meta property=\"og:locale\" content=\"de_DE\" \/>\n<meta property=\"og:type\" content=\"article\" \/>\n<meta property=\"og:title\" content=\"Wir freuen uns auf Ihren Besuch auf der Coiltech Pordenone 2026 - Came Spa\" \/>\n<meta property=\"og:description\" content=\"Auf der Messe werden wir einige unserer Innovationen zur Effizienzsteigerung von Elektropumpen und zur Risikominimierung bei der industriellen Fertigung von BLDC-Motoren vorstellen. TICKET HERUNTERLADEN &nbsp; Am 23. und 24. September 2026 in Pordenone Die Coiltech ist mit mehr als 450 Ausstellern eine der wichtigsten internationalen Messen f\u00fcr Wicklungen f\u00fcr Elektromotoren. Eine perfekte Veranstaltung, um sich [&hellip;]\" \/>\n<meta property=\"og:url\" content=\"https:\/\/came-italy.com\/de\/wir-freuen-uns-auf-ihren-besuch-auf-der-coiltech-pordenone-2026\/\" \/>\n<meta property=\"og:site_name\" content=\"Came Spa\" \/>\n<meta property=\"article:published_time\" content=\"2026-09-03T11:17:27+00:00\" \/>\n<meta property=\"og:image\" content=\"https:\/\/came-italy.com\/wp-content\/uploads\/2026\/09\/Coiltech-2026-Pordenone-ita.jpg\" \/>\n\t<meta property=\"og:image:width\" content=\"850\" \/>\n\t<meta property=\"og:image:height\" content=\"502\" \/>\n\t<meta property=\"og:image:type\" content=\"image\/jpeg\" \/>\n<meta name=\"author\" content=\"Sofija Mijalkovic\" \/>\n<meta name=\"twitter:card\" content=\"summary_large_image\" \/>\n<meta name=\"twitter:label1\" content=\"Verfasst von\" \/>\n\t<meta name=\"twitter:data1\" content=\"Sofija Mijalkovic\" \/>\n\t<meta name=\"twitter:label2\" content=\"Gesch\u00e4tzte Lesezeit\" \/>\n\t<meta name=\"twitter:data2\" content=\"1\u00a0Minute\" \/>\n<script type=\"application\/ld+json\" class=\"yoast-schema-graph\">{\"@context\":\"https:\\\/\\\/schema.org\",\"@graph\":[{\"@type\":\"Article\",\"@id\":\"https:\\\/\\\/came-italy.com\\\/de\\\/wir-freuen-uns-auf-ihren-besuch-auf-der-coiltech-pordenone-2026\\\/#article\",\"isPartOf\":{\"@id\":\"https:\\\/\\\/came-italy.com\\\/de\\\/wir-freuen-uns-auf-ihren-besuch-auf-der-coiltech-pordenone-2026\\\/\"},\"author\":{\"name\":\"Sofija Mijalkovic\",\"@id\":\"https:\\\/\\\/came-italy.com\\\/de\\\/#\\\/schema\\\/person\\\/7ddb129627133618adcf02ad5052e31c\"},\"headline\":\"Wir freuen uns auf Ihren Besuch auf der Coiltech Pordenone 2026\",\"datePublished\":\"2026-09-03T11:17:27+00:00\",\"mainEntityOfPage\":{\"@id\":\"https:\\\/\\\/came-italy.com\\\/de\\\/wir-freuen-uns-auf-ihren-besuch-auf-der-coiltech-pordenone-2026\\\/\"},\"wordCount\":153,\"commentCount\":0,\"publisher\":{\"@id\":\"https:\\\/\\\/came-italy.com\\\/de\\\/#organization\"},\"image\":{\"@id\":\"https:\\\/\\\/came-italy.com\\\/de\\\/wir-freuen-uns-auf-ihren-besuch-auf-der-coiltech-pordenone-2026\\\/#primaryimage\"},\"thumbnailUrl\":\"https:\\\/\\\/came-italy.com\\\/wp-content\\\/uploads\\\/2026\\\/09\\\/Coiltech-2026-Pordenone-ita.jpg\",\"keywords\":[\"bldc_motoren\",\"cameitaly\",\"Coiltech\",\"coiltech2026\",\"Elektromotoren\",\"elektropumpen\",\"Energieeffizienz\",\"industrialisierung\",\"industrie\",\"industrieautomation\",\"innovation\",\"Pordenone\",\"ul_zertifizierung\",\"Wicklungen\"],\"articleSection\":[\"Unkategorisiert\"],\"inLanguage\":\"de\",\"potentialAction\":[{\"@type\":\"CommentAction\",\"name\":\"Comment\",\"target\":[\"https:\\\/\\\/came-italy.com\\\/de\\\/wir-freuen-uns-auf-ihren-besuch-auf-der-coiltech-pordenone-2026\\\/#respond\"]}]},{\"@type\":\"WebPage\",\"@id\":\"https:\\\/\\\/came-italy.com\\\/de\\\/wir-freuen-uns-auf-ihren-besuch-auf-der-coiltech-pordenone-2026\\\/\",\"url\":\"https:\\\/\\\/came-italy.com\\\/de\\\/wir-freuen-uns-auf-ihren-besuch-auf-der-coiltech-pordenone-2026\\\/\",\"name\":\"Wir freuen uns auf Ihren Besuch auf der Coiltech Pordenone 2026 - Came Spa\",\"isPartOf\":{\"@id\":\"https:\\\/\\\/came-italy.com\\\/de\\\/#website\"},\"primaryImageOfPage\":{\"@id\":\"https:\\\/\\\/came-italy.com\\\/de\\\/wir-freuen-uns-auf-ihren-besuch-auf-der-coiltech-pordenone-2026\\\/#primaryimage\"},\"image\":{\"@id\":\"https:\\\/\\\/came-italy.com\\\/de\\\/wir-freuen-uns-auf-ihren-besuch-auf-der-coiltech-pordenone-2026\\\/#primaryimage\"},\"thumbnailUrl\":\"https:\\\/\\\/came-italy.com\\\/wp-content\\\/uploads\\\/2026\\\/09\\\/Coiltech-2026-Pordenone-ita.jpg\",\"datePublished\":\"2026-09-03T11:17:27+00:00\",\"breadcrumb\":{\"@id\":\"https:\\\/\\\/came-italy.com\\\/de\\\/wir-freuen-uns-auf-ihren-besuch-auf-der-coiltech-pordenone-2026\\\/#breadcrumb\"},\"inLanguage\":\"de\",\"potentialAction\":[{\"@type\":\"ReadAction\",\"target\":[\"https:\\\/\\\/came-italy.com\\\/de\\\/wir-freuen-uns-auf-ihren-besuch-auf-der-coiltech-pordenone-2026\\\/\"]}]},{\"@type\":\"ImageObject\",\"inLanguage\":\"de\",\"@id\":\"https:\\\/\\\/came-italy.com\\\/de\\\/wir-freuen-uns-auf-ihren-besuch-auf-der-coiltech-pordenone-2026\\\/#primaryimage\",\"url\":\"https:\\\/\\\/came-italy.com\\\/wp-content\\\/uploads\\\/2026\\\/09\\\/Coiltech-2026-Pordenone-ita.jpg\",\"contentUrl\":\"https:\\\/\\\/came-italy.com\\\/wp-content\\\/uploads\\\/2026\\\/09\\\/Coiltech-2026-Pordenone-ita.jpg\",\"width\":850,\"height\":502},{\"@type\":\"BreadcrumbList\",\"@id\":\"https:\\\/\\\/came-italy.com\\\/de\\\/wir-freuen-uns-auf-ihren-besuch-auf-der-coiltech-pordenone-2026\\\/#breadcrumb\",\"itemListElement\":[{\"@type\":\"ListItem\",\"position\":1,\"name\":\"Home\",\"item\":\"https:\\\/\\\/came-italy.com\\\/de\\\/\"},{\"@type\":\"ListItem\",\"position\":2,\"name\":\"Wir freuen uns auf Ihren Besuch auf der Coiltech Pordenone 2026\"}]},{\"@type\":\"WebSite\",\"@id\":\"https:\\\/\\\/came-italy.com\\\/de\\\/#website\",\"url\":\"https:\\\/\\\/came-italy.com\\\/de\\\/\",\"name\":\"Came Spa\",\"description\":\"Avvolgimenti e componenti per motori elettrici\",\"publisher\":{\"@id\":\"https:\\\/\\\/came-italy.com\\\/de\\\/#organization\"},\"potentialAction\":[{\"@type\":\"SearchAction\",\"target\":{\"@type\":\"EntryPoint\",\"urlTemplate\":\"https:\\\/\\\/came-italy.com\\\/de\\\/?s={search_term_string}\"},\"query-input\":{\"@type\":\"PropertyValueSpecification\",\"valueRequired\":true,\"valueName\":\"search_term_string\"}}],\"inLanguage\":\"de\"},{\"@type\":\"Organization\",\"@id\":\"https:\\\/\\\/came-italy.com\\\/de\\\/#organization\",\"name\":\"Came Spa\",\"url\":\"https:\\\/\\\/came-italy.com\\\/de\\\/\",\"logo\":{\"@type\":\"ImageObject\",\"inLanguage\":\"de\",\"@id\":\"https:\\\/\\\/came-italy.com\\\/de\\\/#\\\/schema\\\/logo\\\/image\\\/\",\"url\":\"https:\\\/\\\/came-italy.com\\\/wp-content\\\/uploads\\\/2016\\\/07\\\/logo-came-spa.png\",\"contentUrl\":\"https:\\\/\\\/came-italy.com\\\/wp-content\\\/uploads\\\/2016\\\/07\\\/logo-came-spa.png\",\"width\":766,\"height\":129,\"caption\":\"Came Spa\"},\"image\":{\"@id\":\"https:\\\/\\\/came-italy.com\\\/de\\\/#\\\/schema\\\/logo\\\/image\\\/\"}},{\"@type\":\"Person\",\"@id\":\"https:\\\/\\\/came-italy.com\\\/de\\\/#\\\/schema\\\/person\\\/7ddb129627133618adcf02ad5052e31c\",\"name\":\"Sofija Mijalkovic\",\"image\":{\"@type\":\"ImageObject\",\"inLanguage\":\"de\",\"@id\":\"https:\\\/\\\/secure.gravatar.com\\\/avatar\\\/c233b56537785bff795adef9cafb590a99b955b47c44bccca5f382c3c52683ce?s=96&d=mm&r=g\",\"url\":\"https:\\\/\\\/secure.gravatar.com\\\/avatar\\\/c233b56537785bff795adef9cafb590a99b955b47c44bccca5f382c3c52683ce?s=96&d=mm&r=g\",\"contentUrl\":\"https:\\\/\\\/secure.gravatar.com\\\/avatar\\\/c233b56537785bff795adef9cafb590a99b955b47c44bccca5f382c3c52683ce?s=96&d=mm&r=g\",\"caption\":\"Sofija Mijalkovic\"},\"url\":\"https:\\\/\\\/came-italy.com\\\/de\\\/author\\\/sofija\\\/\"}]}<\/script>\n<!-- \/ Yoast SEO plugin. -->","yoast_head_json":{"title":"Wir freuen uns auf Ihren Besuch auf der Coiltech Pordenone 2026 - Came Spa","robots":{"index":"index","follow":"follow","max-snippet":"max-snippet:-1","max-image-preview":"max-image-preview:large","max-video-preview":"max-video-preview:-1"},"canonical":"https:\/\/came-italy.com\/de\/wir-freuen-uns-auf-ihren-besuch-auf-der-coiltech-pordenone-2026\/","og_locale":"de_DE","og_type":"article","og_title":"Wir freuen uns auf Ihren Besuch auf der Coiltech Pordenone 2026 - Came Spa","og_description":"Auf der Messe werden wir einige unserer Innovationen zur Effizienzsteigerung von Elektropumpen und zur Risikominimierung bei der industriellen Fertigung von BLDC-Motoren vorstellen. TICKET HERUNTERLADEN &nbsp; Am 23. und 24. September 2026 in Pordenone Die Coiltech ist mit mehr als 450 Ausstellern eine der wichtigsten internationalen Messen f\u00fcr Wicklungen f\u00fcr Elektromotoren. Eine perfekte Veranstaltung, um sich [&hellip;]","og_url":"https:\/\/came-italy.com\/de\/wir-freuen-uns-auf-ihren-besuch-auf-der-coiltech-pordenone-2026\/","og_site_name":"Came Spa","article_published_time":"2026-09-03T11:17:27+00:00","og_image":[{"width":850,"height":502,"url":"https:\/\/came-italy.com\/wp-content\/uploads\/2026\/09\/Coiltech-2026-Pordenone-ita.jpg","type":"image\/jpeg"}],"author":"Sofija Mijalkovic","twitter_card":"summary_large_image","twitter_misc":{"Verfasst von":"Sofija Mijalkovic","Gesch\u00e4tzte Lesezeit":"1\u00a0Minute"},"schema":{"@context":"https:\/\/schema.org","@graph":[{"@type":"Article","@id":"https:\/\/came-italy.com\/de\/wir-freuen-uns-auf-ihren-besuch-auf-der-coiltech-pordenone-2026\/#article","isPartOf":{"@id":"https:\/\/came-italy.com\/de\/wir-freuen-uns-auf-ihren-besuch-auf-der-coiltech-pordenone-2026\/"},"author":{"name":"Sofija Mijalkovic","@id":"https:\/\/came-italy.com\/de\/#\/schema\/person\/7ddb129627133618adcf02ad5052e31c"},"headline":"Wir freuen uns auf Ihren Besuch auf der Coiltech Pordenone 2026","datePublished":"2026-09-03T11:17:27+00:00","mainEntityOfPage":{"@id":"https:\/\/came-italy.com\/de\/wir-freuen-uns-auf-ihren-besuch-auf-der-coiltech-pordenone-2026\/"},"wordCount":153,"commentCount":0,"publisher":{"@id":"https:\/\/came-italy.com\/de\/#organization"},"image":{"@id":"https:\/\/came-italy.com\/de\/wir-freuen-uns-auf-ihren-besuch-auf-der-coiltech-pordenone-2026\/#primaryimage"},"thumbnailUrl":"https:\/\/came-italy.com\/wp-content\/uploads\/2026\/09\/Coiltech-2026-Pordenone-ita.jpg","keywords":["bldc_motoren","cameitaly","Coiltech","coiltech2026","Elektromotoren","elektropumpen","Energieeffizienz","industrialisierung","industrie","industrieautomation","innovation","Pordenone","ul_zertifizierung","Wicklungen"],"articleSection":["Unkategorisiert"],"inLanguage":"de","potentialAction":[{"@type":"CommentAction","name":"Comment","target":["https:\/\/came-italy.com\/de\/wir-freuen-uns-auf-ihren-besuch-auf-der-coiltech-pordenone-2026\/#respond"]}]},{"@type":"WebPage","@id":"https:\/\/came-italy.com\/de\/wir-freuen-uns-auf-ihren-besuch-auf-der-coiltech-pordenone-2026\/","url":"https:\/\/came-italy.com\/de\/wir-freuen-uns-auf-ihren-besuch-auf-der-coiltech-pordenone-2026\/","name":"Wir freuen uns auf Ihren Besuch auf der Coiltech Pordenone 2026 - Came Spa","isPartOf":{"@id":"https:\/\/came-italy.com\/de\/#website"},"primaryImageOfPage":{"@id":"https:\/\/came-italy.com\/de\/wir-freuen-uns-auf-ihren-besuch-auf-der-coiltech-pordenone-2026\/#primaryimage"},"image":{"@id":"https:\/\/came-italy.com\/de\/wir-freuen-uns-auf-ihren-besuch-auf-der-coiltech-pordenone-2026\/#primaryimage"},"thumbnailUrl":"https:\/\/came-italy.com\/wp-content\/uploads\/2026\/09\/Coiltech-2026-Pordenone-ita.jpg","datePublished":"2026-09-03T11:17:27+00:00","breadcrumb":{"@id":"https:\/\/came-italy.com\/de\/wir-freuen-uns-auf-ihren-besuch-auf-der-coiltech-pordenone-2026\/#breadcrumb"},"inLanguage":"de","potentialAction":[{"@type":"ReadAction","target":["https:\/\/came-italy.com\/de\/wir-freuen-uns-auf-ihren-besuch-auf-der-coiltech-pordenone-2026\/"]}]},{"@type":"ImageObject","inLanguage":"de","@id":"https:\/\/came-italy.com\/de\/wir-freuen-uns-auf-ihren-besuch-auf-der-coiltech-pordenone-2026\/#primaryimage","url":"https:\/\/came-italy.com\/wp-content\/uploads\/2026\/09\/Coiltech-2026-Pordenone-ita.jpg","contentUrl":"https:\/\/came-italy.com\/wp-content\/uploads\/2026\/09\/Coiltech-2026-Pordenone-ita.jpg","width":850,"height":502},{"@type":"BreadcrumbList","@id":"https:\/\/came-italy.com\/de\/wir-freuen-uns-auf-ihren-besuch-auf-der-coiltech-pordenone-2026\/#breadcrumb","itemListElement":[{"@type":"ListItem","position":1,"name":"Home","item":"https:\/\/came-italy.com\/de\/"},{"@type":"ListItem","position":2,"name":"Wir freuen uns auf Ihren Besuch auf der Coiltech Pordenone 2026"}]},{"@type":"WebSite","@id":"https:\/\/came-italy.com\/de\/#website","url":"https:\/\/came-italy.com\/de\/","name":"Came Spa","description":"Avvolgimenti e componenti per motori elettrici","publisher":{"@id":"https:\/\/came-italy.com\/de\/#organization"},"potentialAction":[{"@type":"SearchAction","target":{"@type":"EntryPoint","urlTemplate":"https:\/\/came-italy.com\/de\/?s={search_term_string}"},"query-input":{"@type":"PropertyValueSpecification","valueRequired":true,"valueName":"search_term_string"}}],"inLanguage":"de"},{"@type":"Organization","@id":"https:\/\/came-italy.com\/de\/#organization","name":"Came Spa","url":"https:\/\/came-italy.com\/de\/","logo":{"@type":"ImageObject","inLanguage":"de","@id":"https:\/\/came-italy.com\/de\/#\/schema\/logo\/image\/","url":"https:\/\/came-italy.com\/wp-content\/uploads\/2016\/07\/logo-came-spa.png","contentUrl":"https:\/\/came-italy.com\/wp-content\/uploads\/2016\/07\/logo-came-spa.png","width":766,"height":129,"caption":"Came Spa"},"image":{"@id":"https:\/\/came-italy.com\/de\/#\/schema\/logo\/image\/"}},{"@type":"Person","@id":"https:\/\/came-italy.com\/de\/#\/schema\/person\/7ddb129627133618adcf02ad5052e31c","name":"Sofija Mijalkovic","image":{"@type":"ImageObject","inLanguage":"de","@id":"https:\/\/secure.gravatar.com\/avatar\/c233b56537785bff795adef9cafb590a99b955b47c44bccca5f382c3c52683ce?s=96&d=mm&r=g","url":"https:\/\/secure.gravatar.com\/avatar\/c233b56537785bff795adef9cafb590a99b955b47c44bccca5f382c3c52683ce?s=96&d=mm&r=g","contentUrl":"https:\/\/secure.gravatar.com\/avatar\/c233b56537785bff795adef9cafb590a99b955b47c44bccca5f382c3c52683ce?s=96&d=mm&r=g","caption":"Sofija Mijalkovic"},"url":"https:\/\/came-italy.com\/de\/author\/sofija\/"}]}},"_links":{"self":[{"href":"https:\/\/came-italy.com\/de\/wp-json\/wp\/v2\/posts\/20758","targetHints":{"allow":["GET"]}}],"collection":[{"href":"https:\/\/came-italy.com\/de\/wp-json\/wp\/v2\/posts"}],"about":[{"href":"https:\/\/came-italy.com\/de\/wp-json\/wp\/v2\/types\/post"}],"author":[{"embeddable":true,"href":"https:\/\/came-italy.com\/de\/wp-json\/wp\/v2\/users\/14"}],"replies":[{"embeddable":true,"href":"https:\/\/came-italy.com\/de\/wp-json\/wp\/v2\/comments?post=20758"}],"version-history":[{"count":2,"href":"https:\/\/came-italy.com\/de\/wp-json\/wp\/v2\/posts\/20758\/revisions"}],"predecessor-version":[{"id":20764,"href":"https:\/\/came-italy.com\/de\/wp-json\/wp\/v2\/posts\/20758\/revisions\/20764"}],"wp:featuredmedia":[{"embeddable":true,"href":"https:\/\/came-italy.com\/de\/wp-json\/wp\/v2\/media\/20754"}],"wp:attachment":[{"href":"https:\/\/came-italy.com\/de\/wp-json\/wp\/v2\/media?parent=20758"}],"wp:term":[{"taxonomy":"category","embeddable":true,"href":"https:\/\/came-italy.com\/de\/wp-json\/wp\/v2\/categories?post=20758"},{"taxonomy":"post_tag","embeddable":true,"href":"https:\/\/came-italy.com\/de\/wp-json\/wp\/v2\/tags?post=20758"}],"curies":[{"name":"wp","href":"https:\/\/api.w.org\/{rel}","templated":true}]}}