{"id":13979,"date":"2022-06-23T10:57:48","date_gmt":"2022-06-23T08:57:48","guid":{"rendered":"https:\/\/came-italy.com\/?p=13979"},"modified":"2022-06-23T10:57:48","modified_gmt":"2022-06-23T08:57:48","slug":"lo-sviluppo-del-capitale-umano-in-came","status":"publish","type":"post","link":"https:\/\/came-italy.com\/it\/lo-sviluppo-del-capitale-umano-in-came\/","title":{"rendered":"Lo sviluppo del capitale umano in Came"},"content":{"rendered":"<p>Il mercato internazionale pone alle aziende una importante sfida sul tema della competitivit\u00e0. Si rende quindi necessario attuare <a href=\"https:\/\/came-italy.com\/it\/gli-investimenti-came-nella-sostenibilita\/\" target=\"_blank\" rel=\"noopener\">una strategia aziendale orientata all\u2019innovazione<\/a> e internazionalizzazione delle competenze.<\/p>\n<p>Came non si fa cogliere impreparata e ha predisposto un piano di formazione annuale in linea con i principali trend di mercato. L\u2019azienda \u00e8 sempre pronta, infatti, a cogliere le sfide del mercato e pone proprio l\u2019innovazione e l\u2019internazionalizzazione al centro della strategia formativa 2022.<\/p>\n<p>L\u2019innovazione digitale ci porta ad integrare la nostra attivit\u00e0 lavorativa con <a href=\"https:\/\/portal.came-italy.com\/Account\/Login?ReturnUrl=%2F\" target=\"_blank\" rel=\"noopener\">sistemi informatici sempre pi\u00f9 all\u2019avanguardia<\/a> e la formazione del personale su questi sistemi \u00e8 la base per un loro corretto utilizzo e per sfruttare al meglio tutte le funzionalit\u00e0 e potenzialit\u00e0 messe a disposizione. Parallelamente Came sta investendo nell\u2019innovazione dei processi lavorativi andando ad analizzare e individuare dove i flussi operativi possano essere aggiornati e migliorati e quali siano le pi\u00f9 opportune metodologie e gli strumenti da strutturare.<\/p>\n<p>In ottica di internazionalizzazione, sono previsti per l\u2019anno 2022 dei percorsi di formazione delle competenze manageriali in chiave internazionale e formazione linguistica. In particolare, Came investir\u00e0 su ampia scala nelle competenze linguistiche del suo personale, con particolare attenzione a quelle risorse che sono quotidianamente coinvolte nella comunicazione con i nostri clienti e fornitori internazionali. L\u2019investimento non sar\u00e0 circoscritto solo alla lingua inglese ma in alcuni casi si andranno a potenziare anche competenze linguistiche di tedesco e spagnolo.<\/p>\n<p>Non mancher\u00e0 chiaramente la formazione continua per l\u2019aggiornamento delle competenze sull\u2019attivit\u00e0 lavorativa soprattutto in ottica di intercambiabilit\u00e0 aziendale interfunzionale e la formazione sui sistemi di gestione <a href=\"https:\/\/came-italy.com\/it\/politica-qualita-sicurezza-ambiente-e-responsabilita-sociale\/\" target=\"_blank\" rel=\"noopener\">Sicurezza, Ambiente e Qualit\u00e0<\/a> di cui l\u2019azienda si \u00e8 dotata.<br \/>\nL\u2019attenzione di Came alla qualit\u00e0 del suo prodotto <a href=\"https:\/\/came-italy.com\/it\/i-servizi-came-per-dare-soluzioni-al-cliente\/\" target=\"_blank\" rel=\"noopener\">e del servizio al cliente<\/a> resta sempre un caposaldo per il quale l\u2019investimento in formazione esterna e affiancamento interno \u00e8 sempre presente.<\/p>\n<div style=\"float: left;\"><img loading=\"lazy\" decoding=\"async\" class=\"size-full wp-image-4129 alignleft\" style=\"border: 1px solid #f4792d;\" src=\"https:\/\/came-italy.com\/wp-content\/uploads\/2020\/07\/SimonaImparatore.jpg\" alt=\"\" width=\"150\" height=\"173\"><\/div>\n<div style=\"float: left; margin-left: 20px;\">Contatti:<br \/>\n<a href=\"mailto:simona.imperatore@came-italy.com\">Simona Imperatore<\/a><br \/>\nResponsabile risorse umane, Came<br \/>\n<a href=\"mailto:simona.imperatore@came-italy.com\">Simona.Imperatore@came-italy.com<\/a><br \/>\n<a href=\"https:\/\/it.linkedin.com\/in\/simona-imperatore-a7353242\">LinkedIn<\/a><br \/>\n<a href=\"tel:+39 0444 488282\">+39 0444 488282<\/a><\/div>\n","protected":false},"excerpt":{"rendered":"<p>Il mercato internazionale pone alle aziende una importante sfida sul tema della competitivit\u00e0. Si rende quindi necessario attuare una strategia aziendale orientata all\u2019innovazione e internazionalizzazione delle competenze. Came non si fa cogliere impreparata e ha predisposto un piano di formazione annuale in linea con i principali trend di mercato. L\u2019azienda \u00e8 sempre pronta, infatti, a [&hellip;]<\/p>\n","protected":false},"author":6,"featured_media":13986,"comment_status":"open","ping_status":"open","sticky":false,"template":"","format":"standard","meta":{"ngg_post_thumbnail":0,"footnotes":""},"categories":[3],"tags":[816,817,211,814,815,721,813],"class_list":["post-13979","post","type-post","status-publish","format-standard","has-post-thumbnail","hentry","category-corporate","tag-competenze-manageriali","tag-formazione-linguistica","tag-innovazione","tag-internazionalizzazione-delle-competenze","tag-processi-lavorativi","tag-servizio-al-cliente","tag-strategia-formativa"],"yoast_head":"<!-- This site is optimized with the Yoast SEO plugin v27.4 - https:\/\/yoast.com\/product\/yoast-seo-wordpress\/ -->\n<title>Lo sviluppo del capitale umano in Came - Came Spa<\/title>\n<meta name=\"robots\" content=\"index, follow, max-snippet:-1, max-image-preview:large, max-video-preview:-1\" \/>\n<link rel=\"canonical\" href=\"https:\/\/came-italy.com\/it\/lo-sviluppo-del-capitale-umano-in-came\/\" \/>\n<meta property=\"og:locale\" content=\"it_IT\" \/>\n<meta property=\"og:type\" content=\"article\" \/>\n<meta property=\"og:title\" content=\"Lo sviluppo del capitale umano in Came - Came Spa\" \/>\n<meta property=\"og:description\" content=\"Il mercato internazionale pone alle aziende una importante sfida sul tema della competitivit\u00e0. Si rende quindi necessario attuare una strategia aziendale orientata all\u2019innovazione e internazionalizzazione delle competenze. Came non si fa cogliere impreparata e ha predisposto un piano di formazione annuale in linea con i principali trend di mercato. L\u2019azienda \u00e8 sempre pronta, infatti, a [&hellip;]\" \/>\n<meta property=\"og:url\" content=\"https:\/\/came-italy.com\/it\/lo-sviluppo-del-capitale-umano-in-came\/\" \/>\n<meta property=\"og:site_name\" content=\"Came Spa\" \/>\n<meta property=\"article:published_time\" content=\"2022-06-23T08:57:48+00:00\" \/>\n<meta property=\"og:image\" content=\"https:\/\/came-italy.com\/wp-content\/uploads\/2022\/06\/Strategia-formativa-2022-1.jpg\" \/>\n\t<meta property=\"og:image:width\" content=\"850\" \/>\n\t<meta property=\"og:image:height\" content=\"450\" \/>\n\t<meta property=\"og:image:type\" content=\"image\/jpeg\" \/>\n<meta name=\"author\" content=\"Andrea Toniolo\" \/>\n<meta name=\"twitter:card\" content=\"summary_large_image\" \/>\n<meta name=\"twitter:label1\" content=\"Scritto da\" \/>\n\t<meta name=\"twitter:data1\" content=\"Andrea Toniolo\" \/>\n\t<meta name=\"twitter:label2\" content=\"Tempo di lettura stimato\" \/>\n\t<meta name=\"twitter:data2\" content=\"2 minuti\" \/>\n<script type=\"application\/ld+json\" class=\"yoast-schema-graph\">{\"@context\":\"https:\\\/\\\/schema.org\",\"@graph\":[{\"@type\":\"Article\",\"@id\":\"https:\\\/\\\/came-italy.com\\\/it\\\/lo-sviluppo-del-capitale-umano-in-came\\\/#article\",\"isPartOf\":{\"@id\":\"https:\\\/\\\/came-italy.com\\\/it\\\/lo-sviluppo-del-capitale-umano-in-came\\\/\"},\"author\":{\"name\":\"Andrea Toniolo\",\"@id\":\"https:\\\/\\\/came-italy.com\\\/it\\\/#\\\/schema\\\/person\\\/da677687caf9ad54b55d15c77d264d7c\"},\"headline\":\"Lo sviluppo del capitale umano in Came\",\"datePublished\":\"2022-06-23T08:57:48+00:00\",\"mainEntityOfPage\":{\"@id\":\"https:\\\/\\\/came-italy.com\\\/it\\\/lo-sviluppo-del-capitale-umano-in-came\\\/\"},\"wordCount\":321,\"commentCount\":0,\"publisher\":{\"@id\":\"https:\\\/\\\/came-italy.com\\\/it\\\/#organization\"},\"image\":{\"@id\":\"https:\\\/\\\/came-italy.com\\\/it\\\/lo-sviluppo-del-capitale-umano-in-came\\\/#primaryimage\"},\"thumbnailUrl\":\"https:\\\/\\\/came-italy.com\\\/wp-content\\\/uploads\\\/2022\\\/06\\\/Strategia-formativa-2022-1.jpg\",\"keywords\":[\"competenze manageriali\",\"formazione linguistica\",\"innovazione\",\"internazionalizzazione delle competenze\",\"processi lavorativi\",\"servizio al cliente\",\"strategia formativa\"],\"articleSection\":[\"Corporate\"],\"inLanguage\":\"it-IT\",\"potentialAction\":[{\"@type\":\"CommentAction\",\"name\":\"Comment\",\"target\":[\"https:\\\/\\\/came-italy.com\\\/it\\\/lo-sviluppo-del-capitale-umano-in-came\\\/#respond\"]}]},{\"@type\":\"WebPage\",\"@id\":\"https:\\\/\\\/came-italy.com\\\/it\\\/lo-sviluppo-del-capitale-umano-in-came\\\/\",\"url\":\"https:\\\/\\\/came-italy.com\\\/it\\\/lo-sviluppo-del-capitale-umano-in-came\\\/\",\"name\":\"Lo sviluppo del capitale umano in Came - Came Spa\",\"isPartOf\":{\"@id\":\"https:\\\/\\\/came-italy.com\\\/it\\\/#website\"},\"primaryImageOfPage\":{\"@id\":\"https:\\\/\\\/came-italy.com\\\/it\\\/lo-sviluppo-del-capitale-umano-in-came\\\/#primaryimage\"},\"image\":{\"@id\":\"https:\\\/\\\/came-italy.com\\\/it\\\/lo-sviluppo-del-capitale-umano-in-came\\\/#primaryimage\"},\"thumbnailUrl\":\"https:\\\/\\\/came-italy.com\\\/wp-content\\\/uploads\\\/2022\\\/06\\\/Strategia-formativa-2022-1.jpg\",\"datePublished\":\"2022-06-23T08:57:48+00:00\",\"breadcrumb\":{\"@id\":\"https:\\\/\\\/came-italy.com\\\/it\\\/lo-sviluppo-del-capitale-umano-in-came\\\/#breadcrumb\"},\"inLanguage\":\"it-IT\",\"potentialAction\":[{\"@type\":\"ReadAction\",\"target\":[\"https:\\\/\\\/came-italy.com\\\/it\\\/lo-sviluppo-del-capitale-umano-in-came\\\/\"]}]},{\"@type\":\"ImageObject\",\"inLanguage\":\"it-IT\",\"@id\":\"https:\\\/\\\/came-italy.com\\\/it\\\/lo-sviluppo-del-capitale-umano-in-came\\\/#primaryimage\",\"url\":\"https:\\\/\\\/came-italy.com\\\/wp-content\\\/uploads\\\/2022\\\/06\\\/Strategia-formativa-2022-1.jpg\",\"contentUrl\":\"https:\\\/\\\/came-italy.com\\\/wp-content\\\/uploads\\\/2022\\\/06\\\/Strategia-formativa-2022-1.jpg\",\"width\":850,\"height\":450},{\"@type\":\"BreadcrumbList\",\"@id\":\"https:\\\/\\\/came-italy.com\\\/it\\\/lo-sviluppo-del-capitale-umano-in-came\\\/#breadcrumb\",\"itemListElement\":[{\"@type\":\"ListItem\",\"position\":1,\"name\":\"Home\",\"item\":\"https:\\\/\\\/came-italy.com\\\/it\\\/\"},{\"@type\":\"ListItem\",\"position\":2,\"name\":\"Lo sviluppo del capitale umano in Came\"}]},{\"@type\":\"WebSite\",\"@id\":\"https:\\\/\\\/came-italy.com\\\/it\\\/#website\",\"url\":\"https:\\\/\\\/came-italy.com\\\/it\\\/\",\"name\":\"Came Spa\",\"description\":\"Avvolgimenti e componenti per motori elettrici\",\"publisher\":{\"@id\":\"https:\\\/\\\/came-italy.com\\\/it\\\/#organization\"},\"potentialAction\":[{\"@type\":\"SearchAction\",\"target\":{\"@type\":\"EntryPoint\",\"urlTemplate\":\"https:\\\/\\\/came-italy.com\\\/it\\\/?s={search_term_string}\"},\"query-input\":{\"@type\":\"PropertyValueSpecification\",\"valueRequired\":true,\"valueName\":\"search_term_string\"}}],\"inLanguage\":\"it-IT\"},{\"@type\":\"Organization\",\"@id\":\"https:\\\/\\\/came-italy.com\\\/it\\\/#organization\",\"name\":\"Came Spa\",\"url\":\"https:\\\/\\\/came-italy.com\\\/it\\\/\",\"logo\":{\"@type\":\"ImageObject\",\"inLanguage\":\"it-IT\",\"@id\":\"https:\\\/\\\/came-italy.com\\\/it\\\/#\\\/schema\\\/logo\\\/image\\\/\",\"url\":\"https:\\\/\\\/came-italy.com\\\/wp-content\\\/uploads\\\/2016\\\/07\\\/logo-came-spa.png\",\"contentUrl\":\"https:\\\/\\\/came-italy.com\\\/wp-content\\\/uploads\\\/2016\\\/07\\\/logo-came-spa.png\",\"width\":766,\"height\":129,\"caption\":\"Came Spa\"},\"image\":{\"@id\":\"https:\\\/\\\/came-italy.com\\\/it\\\/#\\\/schema\\\/logo\\\/image\\\/\"}},{\"@type\":\"Person\",\"@id\":\"https:\\\/\\\/came-italy.com\\\/it\\\/#\\\/schema\\\/person\\\/da677687caf9ad54b55d15c77d264d7c\",\"name\":\"Andrea Toniolo\",\"image\":{\"@type\":\"ImageObject\",\"inLanguage\":\"it-IT\",\"@id\":\"https:\\\/\\\/secure.gravatar.com\\\/avatar\\\/e1912c0d135981b2b041c8e10cbcfb1463c1fd2a779fcae4dd31d8add9c64804?s=96&d=mm&r=g\",\"url\":\"https:\\\/\\\/secure.gravatar.com\\\/avatar\\\/e1912c0d135981b2b041c8e10cbcfb1463c1fd2a779fcae4dd31d8add9c64804?s=96&d=mm&r=g\",\"contentUrl\":\"https:\\\/\\\/secure.gravatar.com\\\/avatar\\\/e1912c0d135981b2b041c8e10cbcfb1463c1fd2a779fcae4dd31d8add9c64804?s=96&d=mm&r=g\",\"caption\":\"Andrea Toniolo\"},\"url\":\"https:\\\/\\\/came-italy.com\\\/it\\\/author\\\/andrea\\\/\"}]}<\/script>\n<!-- \/ Yoast SEO plugin. -->","yoast_head_json":{"title":"Lo sviluppo del capitale umano in Came - Came Spa","robots":{"index":"index","follow":"follow","max-snippet":"max-snippet:-1","max-image-preview":"max-image-preview:large","max-video-preview":"max-video-preview:-1"},"canonical":"https:\/\/came-italy.com\/it\/lo-sviluppo-del-capitale-umano-in-came\/","og_locale":"it_IT","og_type":"article","og_title":"Lo sviluppo del capitale umano in Came - Came Spa","og_description":"Il mercato internazionale pone alle aziende una importante sfida sul tema della competitivit\u00e0. Si rende quindi necessario attuare una strategia aziendale orientata all\u2019innovazione e internazionalizzazione delle competenze. Came non si fa cogliere impreparata e ha predisposto un piano di formazione annuale in linea con i principali trend di mercato. L\u2019azienda \u00e8 sempre pronta, infatti, a [&hellip;]","og_url":"https:\/\/came-italy.com\/it\/lo-sviluppo-del-capitale-umano-in-came\/","og_site_name":"Came Spa","article_published_time":"2022-06-23T08:57:48+00:00","og_image":[{"width":850,"height":450,"url":"https:\/\/came-italy.com\/wp-content\/uploads\/2022\/06\/Strategia-formativa-2022-1.jpg","type":"image\/jpeg"}],"author":"Andrea Toniolo","twitter_card":"summary_large_image","twitter_misc":{"Scritto da":"Andrea Toniolo","Tempo di lettura stimato":"2 minuti"},"schema":{"@context":"https:\/\/schema.org","@graph":[{"@type":"Article","@id":"https:\/\/came-italy.com\/it\/lo-sviluppo-del-capitale-umano-in-came\/#article","isPartOf":{"@id":"https:\/\/came-italy.com\/it\/lo-sviluppo-del-capitale-umano-in-came\/"},"author":{"name":"Andrea Toniolo","@id":"https:\/\/came-italy.com\/it\/#\/schema\/person\/da677687caf9ad54b55d15c77d264d7c"},"headline":"Lo sviluppo del capitale umano in Came","datePublished":"2022-06-23T08:57:48+00:00","mainEntityOfPage":{"@id":"https:\/\/came-italy.com\/it\/lo-sviluppo-del-capitale-umano-in-came\/"},"wordCount":321,"commentCount":0,"publisher":{"@id":"https:\/\/came-italy.com\/it\/#organization"},"image":{"@id":"https:\/\/came-italy.com\/it\/lo-sviluppo-del-capitale-umano-in-came\/#primaryimage"},"thumbnailUrl":"https:\/\/came-italy.com\/wp-content\/uploads\/2022\/06\/Strategia-formativa-2022-1.jpg","keywords":["competenze manageriali","formazione linguistica","innovazione","internazionalizzazione delle competenze","processi lavorativi","servizio al cliente","strategia formativa"],"articleSection":["Corporate"],"inLanguage":"it-IT","potentialAction":[{"@type":"CommentAction","name":"Comment","target":["https:\/\/came-italy.com\/it\/lo-sviluppo-del-capitale-umano-in-came\/#respond"]}]},{"@type":"WebPage","@id":"https:\/\/came-italy.com\/it\/lo-sviluppo-del-capitale-umano-in-came\/","url":"https:\/\/came-italy.com\/it\/lo-sviluppo-del-capitale-umano-in-came\/","name":"Lo sviluppo del capitale umano in Came - Came Spa","isPartOf":{"@id":"https:\/\/came-italy.com\/it\/#website"},"primaryImageOfPage":{"@id":"https:\/\/came-italy.com\/it\/lo-sviluppo-del-capitale-umano-in-came\/#primaryimage"},"image":{"@id":"https:\/\/came-italy.com\/it\/lo-sviluppo-del-capitale-umano-in-came\/#primaryimage"},"thumbnailUrl":"https:\/\/came-italy.com\/wp-content\/uploads\/2022\/06\/Strategia-formativa-2022-1.jpg","datePublished":"2022-06-23T08:57:48+00:00","breadcrumb":{"@id":"https:\/\/came-italy.com\/it\/lo-sviluppo-del-capitale-umano-in-came\/#breadcrumb"},"inLanguage":"it-IT","potentialAction":[{"@type":"ReadAction","target":["https:\/\/came-italy.com\/it\/lo-sviluppo-del-capitale-umano-in-came\/"]}]},{"@type":"ImageObject","inLanguage":"it-IT","@id":"https:\/\/came-italy.com\/it\/lo-sviluppo-del-capitale-umano-in-came\/#primaryimage","url":"https:\/\/came-italy.com\/wp-content\/uploads\/2022\/06\/Strategia-formativa-2022-1.jpg","contentUrl":"https:\/\/came-italy.com\/wp-content\/uploads\/2022\/06\/Strategia-formativa-2022-1.jpg","width":850,"height":450},{"@type":"BreadcrumbList","@id":"https:\/\/came-italy.com\/it\/lo-sviluppo-del-capitale-umano-in-came\/#breadcrumb","itemListElement":[{"@type":"ListItem","position":1,"name":"Home","item":"https:\/\/came-italy.com\/it\/"},{"@type":"ListItem","position":2,"name":"Lo sviluppo del capitale umano in Came"}]},{"@type":"WebSite","@id":"https:\/\/came-italy.com\/it\/#website","url":"https:\/\/came-italy.com\/it\/","name":"Came Spa","description":"Avvolgimenti e componenti per motori elettrici","publisher":{"@id":"https:\/\/came-italy.com\/it\/#organization"},"potentialAction":[{"@type":"SearchAction","target":{"@type":"EntryPoint","urlTemplate":"https:\/\/came-italy.com\/it\/?s={search_term_string}"},"query-input":{"@type":"PropertyValueSpecification","valueRequired":true,"valueName":"search_term_string"}}],"inLanguage":"it-IT"},{"@type":"Organization","@id":"https:\/\/came-italy.com\/it\/#organization","name":"Came Spa","url":"https:\/\/came-italy.com\/it\/","logo":{"@type":"ImageObject","inLanguage":"it-IT","@id":"https:\/\/came-italy.com\/it\/#\/schema\/logo\/image\/","url":"https:\/\/came-italy.com\/wp-content\/uploads\/2016\/07\/logo-came-spa.png","contentUrl":"https:\/\/came-italy.com\/wp-content\/uploads\/2016\/07\/logo-came-spa.png","width":766,"height":129,"caption":"Came Spa"},"image":{"@id":"https:\/\/came-italy.com\/it\/#\/schema\/logo\/image\/"}},{"@type":"Person","@id":"https:\/\/came-italy.com\/it\/#\/schema\/person\/da677687caf9ad54b55d15c77d264d7c","name":"Andrea Toniolo","image":{"@type":"ImageObject","inLanguage":"it-IT","@id":"https:\/\/secure.gravatar.com\/avatar\/e1912c0d135981b2b041c8e10cbcfb1463c1fd2a779fcae4dd31d8add9c64804?s=96&d=mm&r=g","url":"https:\/\/secure.gravatar.com\/avatar\/e1912c0d135981b2b041c8e10cbcfb1463c1fd2a779fcae4dd31d8add9c64804?s=96&d=mm&r=g","contentUrl":"https:\/\/secure.gravatar.com\/avatar\/e1912c0d135981b2b041c8e10cbcfb1463c1fd2a779fcae4dd31d8add9c64804?s=96&d=mm&r=g","caption":"Andrea Toniolo"},"url":"https:\/\/came-italy.com\/it\/author\/andrea\/"}]}},"_links":{"self":[{"href":"https:\/\/came-italy.com\/it\/wp-json\/wp\/v2\/posts\/13979","targetHints":{"allow":["GET"]}}],"collection":[{"href":"https:\/\/came-italy.com\/it\/wp-json\/wp\/v2\/posts"}],"about":[{"href":"https:\/\/came-italy.com\/it\/wp-json\/wp\/v2\/types\/post"}],"author":[{"embeddable":true,"href":"https:\/\/came-italy.com\/it\/wp-json\/wp\/v2\/users\/6"}],"replies":[{"embeddable":true,"href":"https:\/\/came-italy.com\/it\/wp-json\/wp\/v2\/comments?post=13979"}],"version-history":[{"count":4,"href":"https:\/\/came-italy.com\/it\/wp-json\/wp\/v2\/posts\/13979\/revisions"}],"predecessor-version":[{"id":14028,"href":"https:\/\/came-italy.com\/it\/wp-json\/wp\/v2\/posts\/13979\/revisions\/14028"}],"wp:featuredmedia":[{"embeddable":true,"href":"https:\/\/came-italy.com\/it\/wp-json\/wp\/v2\/media\/13986"}],"wp:attachment":[{"href":"https:\/\/came-italy.com\/it\/wp-json\/wp\/v2\/media?parent=13979"}],"wp:term":[{"taxonomy":"category","embeddable":true,"href":"https:\/\/came-italy.com\/it\/wp-json\/wp\/v2\/categories?post=13979"},{"taxonomy":"post_tag","embeddable":true,"href":"https:\/\/came-italy.com\/it\/wp-json\/wp\/v2\/tags?post=13979"}],"curies":[{"name":"wp","href":"https:\/\/api.w.org\/{rel}","templated":true}]}}