{"id":14457,"date":"2022-09-30T12:08:07","date_gmt":"2022-09-30T10:08:07","guid":{"rendered":"https:\/\/came-italy.com\/?p=14457"},"modified":"2022-10-23T10:04:00","modified_gmt":"2022-10-23T08:04:00","slug":"gli-incontri-came-per-la-condivisione-con-il-team","status":"publish","type":"post","link":"https:\/\/came-italy.com\/it\/gli-incontri-came-per-la-condivisione-con-il-team\/","title":{"rendered":"Gli incontri Came per la condivisione con il team"},"content":{"rendered":"<p>Came d\u00e0 un grande peso al senso di appartenenza in azienda e alla condivisione delle informazioni all\u2019interno dell\u2019intera popolazione aziendale.<\/p>\n<p>Vogliamo che ciascuno dei nostri collaboratori <a href=\"https:\/\/came-italy.com\/it\/lo-sviluppo-del-capitale-umano-in-came\/\" target=\"_blank\" rel=\"noopener\">si senta parte della grande squadra Came<\/a>.<\/p>\n<p>Per questo motivo, a seguito di una richiesta pervenuta dal personale durante l\u2019analisi di clima aziendale fatta nell\u2019anno 2021, abbiamo deciso di strutturare degli incontri periodici con il personale per condividere tematiche aziendali di volta in volta ritenute importanti.<\/p>\n<p>Il momento di condivisione che abbiamo immaginato permette di creare un canale di comunicazione diretta <a href=\"https:\/\/came-italy.com\/it\/i-valori-del-team-came-teamwork-competenza-condivisone-confronto-fiducia-responsabilita\/\" target=\"_blank\" rel=\"noopener\">tra la Propriet\u00e0, La Direzione Generale, il Management<\/a> e tutta la popolazione aziendale cogliendo l\u2019occasione per parlare di strategia aziendale, progetti che coinvolgono parte o tutta l\u2019azienda, contesto nazione e internazionale di riferimento.<\/p>\n<p>Abbiamo organizzato il primo ciclo di incontri con il personale poco prima della pausa estiva nei giorni 21 e 28 luglio scorsi presso il Teatro parrocchiale di San Pietro Mussolino.<\/p>\n<p><img loading=\"lazy\" decoding=\"async\" class=\"alignnone size-full wp-image-14483\" src=\"https:\/\/came-italy.com\/wp-content\/uploads\/2022\/09\/Gli-incontri-Came-4.jpg\" alt=\"\" width=\"850\" height=\"450\"><\/p>\n<p>E\u2019 stata dedicata pi\u00f9 di un\u2019ora a parlare di temi quali il contesto socio-economico nel quale oggi Came si trova ad operare, l\u2019importanza del rispetto delle normative in materia di <a href=\"https:\/\/came-italy.com\/it\/politica-qualita-sicurezza-ambiente-e-responsabilita-sociale\/\" target=\"_blank\" rel=\"noopener\">sicurezza sul lavoro ed ambiente<\/a>, i risultati dell\u2019analisi di clima aziendale, <a href=\"https:\/\/came-italy.com\/it\/power-your-growth-il-video-del-nuovo-slogan-e-logo-came\/\" target=\"_blank\" rel=\"noopener\">il nuovo brand Came<\/a> e le strategie aziendali per il futuro.<\/p>\n<p>L\u2019incontro \u00e8 stato ben accolto dal personale che ne ha preso parte dando feedback estremamente positivi sull\u2019utilit\u00e0 e la funzionalit\u00e0 di questo genere di incontri.<\/p>\n<p>Came oggi conta quasi 360 dipendenti, si sta strutturando come una grande azienda e in assenza di momenti come questo si rischia di perdere la vicinanza della Propriet\u00e0 e della Direzione con la popolazione aziendale e si rischia soprattutto di ridurre il passaggio di informazioni sull\u2019andamento aziendale e sulle innovazioni introdotte.<\/p>\n<p>Essere una squadra per Came \u00e8 motivo di grande orgoglio ed \u00e8 alla base di moltissime attivit\u00e0 che svolgiamo quotidianamente.<\/p>\n<p>Questo appuntamento, che entrer\u00e0 nelle abitudini della vita aziendale annuale, si muove sempre verso questa direzione con l\u2019obiettivo di rendere i nostri collaboratori sempre pi\u00f9 consapevoli della realt\u00e0 aziendale in cui vivono tutti i giorni.<\/p>\n<div style=\"float: left;\"><img loading=\"lazy\" decoding=\"async\" class=\"size-full wp-image-4129 alignleft\" style=\"border: 1px solid #f4792d;\" src=\"https:\/\/came-italy.com\/wp-content\/uploads\/2020\/07\/SimonaImparatore.jpg\" alt=\"\" width=\"150\" height=\"173\"><\/div>\n<div style=\"float: left; margin-left: 20px;\">Contatti:<br \/>\n<a href=\"mailto:simona.imperatore@came-italy.com\">Simona Imperatore<\/a><br \/>\nResponsabile risorse umane, Came<br \/>\n<a href=\"mailto:simona.imperatore@came-italy.com\">Simona.Imperatore@came-italy.com<\/a><br \/>\n<a href=\"https:\/\/it.linkedin.com\/in\/simona-imperatore-a7353242\">LinkedIn<\/a><br \/>\n<a href=\"tel:+39 0444 488282\">+39 0444 488282<\/a><\/div>\n","protected":false},"excerpt":{"rendered":"<p>Came d\u00e0 un grande peso al senso di appartenenza in azienda e alla condivisione delle informazioni all\u2019interno dell\u2019intera popolazione aziendale. Vogliamo che ciascuno dei nostri collaboratori si senta parte della grande squadra Came. Per questo motivo, a seguito di una richiesta pervenuta dal personale durante l\u2019analisi di clima aziendale fatta nell\u2019anno 2021, abbiamo deciso di [&hellip;]<\/p>\n","protected":false},"author":6,"featured_media":14478,"comment_status":"open","ping_status":"open","sticky":false,"template":"","format":"standard","meta":{"ngg_post_thumbnail":0,"footnotes":""},"categories":[3],"tags":[901,28,758,900,899],"class_list":["post-14457","post","type-post","status-publish","format-standard","has-post-thumbnail","hentry","category-corporate","tag-analisi-clima-aziendale","tag-came","tag-condivisione","tag-sicurezza-sul-lavoro-ed-ambiente","tag-team-2"],"yoast_head":"<!-- This site is optimized with the Yoast SEO plugin v27.4 - https:\/\/yoast.com\/product\/yoast-seo-wordpress\/ -->\n<title>Gli incontri Came per la condivisione con il team - Came Spa<\/title>\n<meta name=\"robots\" content=\"index, follow, max-snippet:-1, max-image-preview:large, max-video-preview:-1\" \/>\n<link rel=\"canonical\" href=\"https:\/\/came-italy.com\/it\/gli-incontri-came-per-la-condivisione-con-il-team\/\" \/>\n<meta property=\"og:locale\" content=\"it_IT\" \/>\n<meta property=\"og:type\" content=\"article\" \/>\n<meta property=\"og:title\" content=\"Gli incontri Came per la condivisione con il team - Came Spa\" \/>\n<meta property=\"og:description\" content=\"Came d\u00e0 un grande peso al senso di appartenenza in azienda e alla condivisione delle informazioni all\u2019interno dell\u2019intera popolazione aziendale. Vogliamo che ciascuno dei nostri collaboratori si senta parte della grande squadra Came. Per questo motivo, a seguito di una richiesta pervenuta dal personale durante l\u2019analisi di clima aziendale fatta nell\u2019anno 2021, abbiamo deciso di [&hellip;]\" \/>\n<meta property=\"og:url\" content=\"https:\/\/came-italy.com\/it\/gli-incontri-came-per-la-condivisione-con-il-team\/\" \/>\n<meta property=\"og:site_name\" content=\"Came Spa\" \/>\n<meta property=\"article:published_time\" content=\"2022-09-30T10:08:07+00:00\" \/>\n<meta property=\"article:modified_time\" content=\"2022-10-23T08:04:00+00:00\" \/>\n<meta property=\"og:image\" content=\"https:\/\/came-italy.com\/wp-content\/uploads\/2022\/09\/Gli-incontri-Came-3.jpg\" \/>\n\t<meta property=\"og:image:width\" content=\"850\" \/>\n\t<meta property=\"og:image:height\" content=\"450\" \/>\n\t<meta property=\"og:image:type\" content=\"image\/jpeg\" \/>\n<meta name=\"author\" content=\"Andrea Toniolo\" \/>\n<meta name=\"twitter:card\" content=\"summary_large_image\" \/>\n<meta name=\"twitter:label1\" content=\"Scritto da\" \/>\n\t<meta name=\"twitter:data1\" content=\"Andrea Toniolo\" \/>\n\t<meta name=\"twitter:label2\" content=\"Tempo di lettura stimato\" \/>\n\t<meta name=\"twitter:data2\" content=\"3 minuti\" \/>\n<script type=\"application\/ld+json\" class=\"yoast-schema-graph\">{\"@context\":\"https:\\\/\\\/schema.org\",\"@graph\":[{\"@type\":\"Article\",\"@id\":\"https:\\\/\\\/came-italy.com\\\/it\\\/gli-incontri-came-per-la-condivisione-con-il-team\\\/#article\",\"isPartOf\":{\"@id\":\"https:\\\/\\\/came-italy.com\\\/it\\\/gli-incontri-came-per-la-condivisione-con-il-team\\\/\"},\"author\":{\"name\":\"Andrea Toniolo\",\"@id\":\"https:\\\/\\\/came-italy.com\\\/it\\\/#\\\/schema\\\/person\\\/da677687caf9ad54b55d15c77d264d7c\"},\"headline\":\"Gli incontri Came per la condivisione con il team\",\"datePublished\":\"2022-09-30T10:08:07+00:00\",\"dateModified\":\"2022-10-23T08:04:00+00:00\",\"mainEntityOfPage\":{\"@id\":\"https:\\\/\\\/came-italy.com\\\/it\\\/gli-incontri-came-per-la-condivisione-con-il-team\\\/\"},\"wordCount\":360,\"commentCount\":0,\"publisher\":{\"@id\":\"https:\\\/\\\/came-italy.com\\\/it\\\/#organization\"},\"image\":{\"@id\":\"https:\\\/\\\/came-italy.com\\\/it\\\/gli-incontri-came-per-la-condivisione-con-il-team\\\/#primaryimage\"},\"thumbnailUrl\":\"https:\\\/\\\/came-italy.com\\\/wp-content\\\/uploads\\\/2022\\\/09\\\/Gli-incontri-Came-3.jpg\",\"keywords\":[\"analisi clima aziendale\",\"came\",\"condivisione\",\"sicurezza sul lavoro ed ambiente\",\"team\"],\"articleSection\":[\"Corporate\"],\"inLanguage\":\"it-IT\",\"potentialAction\":[{\"@type\":\"CommentAction\",\"name\":\"Comment\",\"target\":[\"https:\\\/\\\/came-italy.com\\\/it\\\/gli-incontri-came-per-la-condivisione-con-il-team\\\/#respond\"]}]},{\"@type\":\"WebPage\",\"@id\":\"https:\\\/\\\/came-italy.com\\\/it\\\/gli-incontri-came-per-la-condivisione-con-il-team\\\/\",\"url\":\"https:\\\/\\\/came-italy.com\\\/it\\\/gli-incontri-came-per-la-condivisione-con-il-team\\\/\",\"name\":\"Gli incontri Came per la condivisione con il team - Came Spa\",\"isPartOf\":{\"@id\":\"https:\\\/\\\/came-italy.com\\\/it\\\/#website\"},\"primaryImageOfPage\":{\"@id\":\"https:\\\/\\\/came-italy.com\\\/it\\\/gli-incontri-came-per-la-condivisione-con-il-team\\\/#primaryimage\"},\"image\":{\"@id\":\"https:\\\/\\\/came-italy.com\\\/it\\\/gli-incontri-came-per-la-condivisione-con-il-team\\\/#primaryimage\"},\"thumbnailUrl\":\"https:\\\/\\\/came-italy.com\\\/wp-content\\\/uploads\\\/2022\\\/09\\\/Gli-incontri-Came-3.jpg\",\"datePublished\":\"2022-09-30T10:08:07+00:00\",\"dateModified\":\"2022-10-23T08:04:00+00:00\",\"breadcrumb\":{\"@id\":\"https:\\\/\\\/came-italy.com\\\/it\\\/gli-incontri-came-per-la-condivisione-con-il-team\\\/#breadcrumb\"},\"inLanguage\":\"it-IT\",\"potentialAction\":[{\"@type\":\"ReadAction\",\"target\":[\"https:\\\/\\\/came-italy.com\\\/it\\\/gli-incontri-came-per-la-condivisione-con-il-team\\\/\"]}]},{\"@type\":\"ImageObject\",\"inLanguage\":\"it-IT\",\"@id\":\"https:\\\/\\\/came-italy.com\\\/it\\\/gli-incontri-came-per-la-condivisione-con-il-team\\\/#primaryimage\",\"url\":\"https:\\\/\\\/came-italy.com\\\/wp-content\\\/uploads\\\/2022\\\/09\\\/Gli-incontri-Came-3.jpg\",\"contentUrl\":\"https:\\\/\\\/came-italy.com\\\/wp-content\\\/uploads\\\/2022\\\/09\\\/Gli-incontri-Came-3.jpg\",\"width\":850,\"height\":450},{\"@type\":\"BreadcrumbList\",\"@id\":\"https:\\\/\\\/came-italy.com\\\/it\\\/gli-incontri-came-per-la-condivisione-con-il-team\\\/#breadcrumb\",\"itemListElement\":[{\"@type\":\"ListItem\",\"position\":1,\"name\":\"Home\",\"item\":\"https:\\\/\\\/came-italy.com\\\/it\\\/\"},{\"@type\":\"ListItem\",\"position\":2,\"name\":\"Gli incontri Came per la condivisione con il team\"}]},{\"@type\":\"WebSite\",\"@id\":\"https:\\\/\\\/came-italy.com\\\/it\\\/#website\",\"url\":\"https:\\\/\\\/came-italy.com\\\/it\\\/\",\"name\":\"Came Spa\",\"description\":\"Avvolgimenti e componenti per motori elettrici\",\"publisher\":{\"@id\":\"https:\\\/\\\/came-italy.com\\\/it\\\/#organization\"},\"potentialAction\":[{\"@type\":\"SearchAction\",\"target\":{\"@type\":\"EntryPoint\",\"urlTemplate\":\"https:\\\/\\\/came-italy.com\\\/it\\\/?s={search_term_string}\"},\"query-input\":{\"@type\":\"PropertyValueSpecification\",\"valueRequired\":true,\"valueName\":\"search_term_string\"}}],\"inLanguage\":\"it-IT\"},{\"@type\":\"Organization\",\"@id\":\"https:\\\/\\\/came-italy.com\\\/it\\\/#organization\",\"name\":\"Came Spa\",\"url\":\"https:\\\/\\\/came-italy.com\\\/it\\\/\",\"logo\":{\"@type\":\"ImageObject\",\"inLanguage\":\"it-IT\",\"@id\":\"https:\\\/\\\/came-italy.com\\\/it\\\/#\\\/schema\\\/logo\\\/image\\\/\",\"url\":\"https:\\\/\\\/came-italy.com\\\/wp-content\\\/uploads\\\/2016\\\/07\\\/logo-came-spa.png\",\"contentUrl\":\"https:\\\/\\\/came-italy.com\\\/wp-content\\\/uploads\\\/2016\\\/07\\\/logo-came-spa.png\",\"width\":766,\"height\":129,\"caption\":\"Came Spa\"},\"image\":{\"@id\":\"https:\\\/\\\/came-italy.com\\\/it\\\/#\\\/schema\\\/logo\\\/image\\\/\"}},{\"@type\":\"Person\",\"@id\":\"https:\\\/\\\/came-italy.com\\\/it\\\/#\\\/schema\\\/person\\\/da677687caf9ad54b55d15c77d264d7c\",\"name\":\"Andrea Toniolo\",\"image\":{\"@type\":\"ImageObject\",\"inLanguage\":\"it-IT\",\"@id\":\"https:\\\/\\\/secure.gravatar.com\\\/avatar\\\/e1912c0d135981b2b041c8e10cbcfb1463c1fd2a779fcae4dd31d8add9c64804?s=96&d=mm&r=g\",\"url\":\"https:\\\/\\\/secure.gravatar.com\\\/avatar\\\/e1912c0d135981b2b041c8e10cbcfb1463c1fd2a779fcae4dd31d8add9c64804?s=96&d=mm&r=g\",\"contentUrl\":\"https:\\\/\\\/secure.gravatar.com\\\/avatar\\\/e1912c0d135981b2b041c8e10cbcfb1463c1fd2a779fcae4dd31d8add9c64804?s=96&d=mm&r=g\",\"caption\":\"Andrea Toniolo\"},\"url\":\"https:\\\/\\\/came-italy.com\\\/it\\\/author\\\/andrea\\\/\"}]}<\/script>\n<!-- \/ Yoast SEO plugin. -->","yoast_head_json":{"title":"Gli incontri Came per la condivisione con il team - Came Spa","robots":{"index":"index","follow":"follow","max-snippet":"max-snippet:-1","max-image-preview":"max-image-preview:large","max-video-preview":"max-video-preview:-1"},"canonical":"https:\/\/came-italy.com\/it\/gli-incontri-came-per-la-condivisione-con-il-team\/","og_locale":"it_IT","og_type":"article","og_title":"Gli incontri Came per la condivisione con il team - Came Spa","og_description":"Came d\u00e0 un grande peso al senso di appartenenza in azienda e alla condivisione delle informazioni all\u2019interno dell\u2019intera popolazione aziendale. Vogliamo che ciascuno dei nostri collaboratori si senta parte della grande squadra Came. Per questo motivo, a seguito di una richiesta pervenuta dal personale durante l\u2019analisi di clima aziendale fatta nell\u2019anno 2021, abbiamo deciso di [&hellip;]","og_url":"https:\/\/came-italy.com\/it\/gli-incontri-came-per-la-condivisione-con-il-team\/","og_site_name":"Came Spa","article_published_time":"2022-09-30T10:08:07+00:00","article_modified_time":"2022-10-23T08:04:00+00:00","og_image":[{"width":850,"height":450,"url":"https:\/\/came-italy.com\/wp-content\/uploads\/2022\/09\/Gli-incontri-Came-3.jpg","type":"image\/jpeg"}],"author":"Andrea Toniolo","twitter_card":"summary_large_image","twitter_misc":{"Scritto da":"Andrea Toniolo","Tempo di lettura stimato":"3 minuti"},"schema":{"@context":"https:\/\/schema.org","@graph":[{"@type":"Article","@id":"https:\/\/came-italy.com\/it\/gli-incontri-came-per-la-condivisione-con-il-team\/#article","isPartOf":{"@id":"https:\/\/came-italy.com\/it\/gli-incontri-came-per-la-condivisione-con-il-team\/"},"author":{"name":"Andrea Toniolo","@id":"https:\/\/came-italy.com\/it\/#\/schema\/person\/da677687caf9ad54b55d15c77d264d7c"},"headline":"Gli incontri Came per la condivisione con il team","datePublished":"2022-09-30T10:08:07+00:00","dateModified":"2022-10-23T08:04:00+00:00","mainEntityOfPage":{"@id":"https:\/\/came-italy.com\/it\/gli-incontri-came-per-la-condivisione-con-il-team\/"},"wordCount":360,"commentCount":0,"publisher":{"@id":"https:\/\/came-italy.com\/it\/#organization"},"image":{"@id":"https:\/\/came-italy.com\/it\/gli-incontri-came-per-la-condivisione-con-il-team\/#primaryimage"},"thumbnailUrl":"https:\/\/came-italy.com\/wp-content\/uploads\/2022\/09\/Gli-incontri-Came-3.jpg","keywords":["analisi clima aziendale","came","condivisione","sicurezza sul lavoro ed ambiente","team"],"articleSection":["Corporate"],"inLanguage":"it-IT","potentialAction":[{"@type":"CommentAction","name":"Comment","target":["https:\/\/came-italy.com\/it\/gli-incontri-came-per-la-condivisione-con-il-team\/#respond"]}]},{"@type":"WebPage","@id":"https:\/\/came-italy.com\/it\/gli-incontri-came-per-la-condivisione-con-il-team\/","url":"https:\/\/came-italy.com\/it\/gli-incontri-came-per-la-condivisione-con-il-team\/","name":"Gli incontri Came per la condivisione con il team - Came Spa","isPartOf":{"@id":"https:\/\/came-italy.com\/it\/#website"},"primaryImageOfPage":{"@id":"https:\/\/came-italy.com\/it\/gli-incontri-came-per-la-condivisione-con-il-team\/#primaryimage"},"image":{"@id":"https:\/\/came-italy.com\/it\/gli-incontri-came-per-la-condivisione-con-il-team\/#primaryimage"},"thumbnailUrl":"https:\/\/came-italy.com\/wp-content\/uploads\/2022\/09\/Gli-incontri-Came-3.jpg","datePublished":"2022-09-30T10:08:07+00:00","dateModified":"2022-10-23T08:04:00+00:00","breadcrumb":{"@id":"https:\/\/came-italy.com\/it\/gli-incontri-came-per-la-condivisione-con-il-team\/#breadcrumb"},"inLanguage":"it-IT","potentialAction":[{"@type":"ReadAction","target":["https:\/\/came-italy.com\/it\/gli-incontri-came-per-la-condivisione-con-il-team\/"]}]},{"@type":"ImageObject","inLanguage":"it-IT","@id":"https:\/\/came-italy.com\/it\/gli-incontri-came-per-la-condivisione-con-il-team\/#primaryimage","url":"https:\/\/came-italy.com\/wp-content\/uploads\/2022\/09\/Gli-incontri-Came-3.jpg","contentUrl":"https:\/\/came-italy.com\/wp-content\/uploads\/2022\/09\/Gli-incontri-Came-3.jpg","width":850,"height":450},{"@type":"BreadcrumbList","@id":"https:\/\/came-italy.com\/it\/gli-incontri-came-per-la-condivisione-con-il-team\/#breadcrumb","itemListElement":[{"@type":"ListItem","position":1,"name":"Home","item":"https:\/\/came-italy.com\/it\/"},{"@type":"ListItem","position":2,"name":"Gli incontri Came per la condivisione con il team"}]},{"@type":"WebSite","@id":"https:\/\/came-italy.com\/it\/#website","url":"https:\/\/came-italy.com\/it\/","name":"Came Spa","description":"Avvolgimenti e componenti per motori elettrici","publisher":{"@id":"https:\/\/came-italy.com\/it\/#organization"},"potentialAction":[{"@type":"SearchAction","target":{"@type":"EntryPoint","urlTemplate":"https:\/\/came-italy.com\/it\/?s={search_term_string}"},"query-input":{"@type":"PropertyValueSpecification","valueRequired":true,"valueName":"search_term_string"}}],"inLanguage":"it-IT"},{"@type":"Organization","@id":"https:\/\/came-italy.com\/it\/#organization","name":"Came Spa","url":"https:\/\/came-italy.com\/it\/","logo":{"@type":"ImageObject","inLanguage":"it-IT","@id":"https:\/\/came-italy.com\/it\/#\/schema\/logo\/image\/","url":"https:\/\/came-italy.com\/wp-content\/uploads\/2016\/07\/logo-came-spa.png","contentUrl":"https:\/\/came-italy.com\/wp-content\/uploads\/2016\/07\/logo-came-spa.png","width":766,"height":129,"caption":"Came Spa"},"image":{"@id":"https:\/\/came-italy.com\/it\/#\/schema\/logo\/image\/"}},{"@type":"Person","@id":"https:\/\/came-italy.com\/it\/#\/schema\/person\/da677687caf9ad54b55d15c77d264d7c","name":"Andrea Toniolo","image":{"@type":"ImageObject","inLanguage":"it-IT","@id":"https:\/\/secure.gravatar.com\/avatar\/e1912c0d135981b2b041c8e10cbcfb1463c1fd2a779fcae4dd31d8add9c64804?s=96&d=mm&r=g","url":"https:\/\/secure.gravatar.com\/avatar\/e1912c0d135981b2b041c8e10cbcfb1463c1fd2a779fcae4dd31d8add9c64804?s=96&d=mm&r=g","contentUrl":"https:\/\/secure.gravatar.com\/avatar\/e1912c0d135981b2b041c8e10cbcfb1463c1fd2a779fcae4dd31d8add9c64804?s=96&d=mm&r=g","caption":"Andrea Toniolo"},"url":"https:\/\/came-italy.com\/it\/author\/andrea\/"}]}},"_links":{"self":[{"href":"https:\/\/came-italy.com\/it\/wp-json\/wp\/v2\/posts\/14457","targetHints":{"allow":["GET"]}}],"collection":[{"href":"https:\/\/came-italy.com\/it\/wp-json\/wp\/v2\/posts"}],"about":[{"href":"https:\/\/came-italy.com\/it\/wp-json\/wp\/v2\/types\/post"}],"author":[{"embeddable":true,"href":"https:\/\/came-italy.com\/it\/wp-json\/wp\/v2\/users\/6"}],"replies":[{"embeddable":true,"href":"https:\/\/came-italy.com\/it\/wp-json\/wp\/v2\/comments?post=14457"}],"version-history":[{"count":10,"href":"https:\/\/came-italy.com\/it\/wp-json\/wp\/v2\/posts\/14457\/revisions"}],"predecessor-version":[{"id":14507,"href":"https:\/\/came-italy.com\/it\/wp-json\/wp\/v2\/posts\/14457\/revisions\/14507"}],"wp:featuredmedia":[{"embeddable":true,"href":"https:\/\/came-italy.com\/it\/wp-json\/wp\/v2\/media\/14478"}],"wp:attachment":[{"href":"https:\/\/came-italy.com\/it\/wp-json\/wp\/v2\/media?parent=14457"}],"wp:term":[{"taxonomy":"category","embeddable":true,"href":"https:\/\/came-italy.com\/it\/wp-json\/wp\/v2\/categories?post=14457"},{"taxonomy":"post_tag","embeddable":true,"href":"https:\/\/came-italy.com\/it\/wp-json\/wp\/v2\/tags?post=14457"}],"curies":[{"name":"wp","href":"https:\/\/api.w.org\/{rel}","templated":true}]}}