{"id":20748,"date":"2026-09-03T13:17:18","date_gmt":"2026-09-03T11:17:18","guid":{"rendered":"https:\/\/came-italy.com\/?p=20748"},"modified":"2026-09-03T13:17:18","modified_gmt":"2026-09-03T11:17:18","slug":"came-ti-aspetta-a-coiltech-pordenone-2026","status":"publish","type":"post","link":"https:\/\/came-italy.com\/it\/came-ti-aspetta-a-coiltech-pordenone-2026\/","title":{"rendered":"Came ti aspetta a Coiltech Pordenone 2026"},"content":{"rendered":"<div style=\"margin: 35px 0 55px 0;\">\n<h2 style=\"margin-bottom: 30px; line-height: 1.5;\">Durante la fiera presenteremo alcune tra le nostre innovazioni per l\u2019efficientamento delle elettropompe e la riduzione dei rischi per l\u2019industrializzazione dei motori BLDC.<\/h2>\n<\/div>\n<p><a class=\"button\" href=\"https:\/\/www.quickfairs.net\/visitatori\/form_visitatori_step1.asp?idf=114&amp;id_zona=2&amp;id_menu=9&amp;om=n\"><strong>SCARICA TICKET<\/strong><\/a><\/p>\n<p>&nbsp;<\/p>\n<h2 style=\"margin-bottom: 22px; line-height: 1.45;\"><b>Il 23 e 24 settembre 2026 a Pordenone<\/b><\/h2>\n<p><span style=\"font-weight: 400;\">Coiltech \u00e8 una delle fiere internazionali pi\u00f9 importanti dedicate agli avvolgimenti per motori elettrici con pi\u00f9 di 450 espositori presenti. Un evento perfetto per aggiornarsi sui nuovi trend di mercato e discutere con noi dei tuoi nuovi progetti.<\/span><\/p>\n<p>&nbsp;<\/p>\n<h2 style=\"margin-bottom: 22px; line-height: 1.45;\"><b>Saremo presenti allo stand 5-B20<\/b><\/h2>\n<p><span style=\"font-weight: 400;\">Potrete parlare con noi di:<\/span><\/p>\n<ul style=\"padding-left: 18px; margin-left: 0; margin-top: 15px; margin-bottom: 25px; list-style-position: outside;\">\n<li style=\"list-style-type: none;\">\n<ul style=\"padding-left: 18px; margin-left: 0; margin-top: 15px; margin-bottom: 25px; list-style-position: outside;\">\n<li>soluzioni per <a href=\"https:\/\/came-italy.com\/it\/soluzione-came-per-un-motore-piu-compatto-e-elettropompe-piu-efficienti\/\">efficientare il tuo progetto<\/a>,<\/li>\n<li><a href=\"https:\/\/came-italy.com\/it\/lavorazioni-e-assemblaggi\/\">riduzione dei rischi<\/a> prima degli investimenti industriali,<\/li>\n<li>riduzione dei rischi per <a href=\"https:\/\/came-italy.com\/it\/ottimizzazione-di-un-progetto-bldc-ridurre-i-rischi-di-industrializzazione\/\">l\u2019industrializzazione dei motori BLDC<\/a>,<\/li>\n<li>delega del <a href=\"https:\/\/came-italy.com\/it\/delega-del-controllo-ul-a-came-per-ridurre-la-gestione-del-cliente\/\">controllo UL<\/a>.<\/li>\n<\/ul>\n<\/li>\n<\/ul>\n<p><span style=\"font-weight: 400;\">Potete <strong>prenotare un appuntamento<\/strong> con noi chiamando il numero <a href=\"tel:+390444488282\">+39 0444 488282<\/a> o inviando una e-mail all\u2019indirizzo <a href=\"mailto:consulting@came-italy.com\">consulting@came-italy.com<\/a><\/span><\/p>\n<p>&nbsp;<\/p>\n<p><b>Indirizzo<\/b><\/p>\n<p><a href=\"https:\/\/maps.app.goo.gl\/LcZgjj1TV7Q7HjWG7\"><span style=\"font-weight: 400;\">Pordenone Fiere, Viale Treviso, 1, 33170 Pordenone<\/span><\/a><\/p>\n<p>&nbsp;<\/p>\n<p><b>Orari di apertura per i visitatori<\/b><\/p>\n<p><span style=\"font-weight: 400;\">Mercoled\u00ec 23 Settembre: 9.00 \u2013 18.00<\/span><\/p>\n<p><span style=\"font-weight: 400;\">Gioved\u00ec 24 Settembre: 9.00 \u2013 17.00<\/span><\/p>\n<p>&nbsp;<br \/>\n<iframe loading=\"lazy\" style=\"border: 0;\" src=\"https:\/\/www.google.com\/maps?q=Pordenone+Fiere,+Viale+Treviso+1,+33170+Pordenone,+Italy&amp;output=embed\" width=\"850\" height=\"500\" allowfullscreen=\"allowfullscreen\"><br \/>\n<\/iframe><\/p>\n","protected":false},"excerpt":{"rendered":"<p>Durante la fiera presenteremo alcune tra le nostre innovazioni per l\u2019efficientamento delle elettropompe e la riduzione dei rischi per l\u2019industrializzazione dei motori BLDC. SCARICA TICKET &nbsp; Il 23 e 24 settembre 2026 a Pordenone Coiltech \u00e8 una delle fiere internazionali pi\u00f9 importanti dedicate agli avvolgimenti per motori elettrici con pi\u00f9 di 450 espositori presenti. Un [&hellip;]<\/p>\n","protected":false},"author":14,"featured_media":20752,"comment_status":"open","ping_status":"open","sticky":false,"template":"","format":"standard","meta":{"ngg_post_thumbnail":0,"footnotes":""},"categories":[1],"tags":[2741,18,2743,45,2737,2742,2740,2665,1078,2583,211,2739,2738,105],"class_list":["post-20748","post","type-post","status-publish","format-standard","has-post-thumbnail","hentry","category-uncategorized","tag-automazione_industriale","tag-avvolgimenti","tag-cameitaly","tag-coiltech","tag-coiltech2026","tag-controllo_ul","tag-efficienza_energetica","tag-elettropompe","tag-industria","tag-industrializzazione","tag-innovazione","tag-motori_bldc","tag-motori_elettrici","tag-pordenone"],"yoast_head":"<!-- This site is optimized with the Yoast SEO plugin v28.3 - https:\/\/yoast.com\/product\/yoast-seo-wordpress\/ -->\n<title>Came ti aspetta a Coiltech Pordenone 2026 - Came Spa<\/title>\n<meta name=\"robots\" content=\"index, follow, max-snippet:-1, max-image-preview:large, max-video-preview:-1\" \/>\n<link rel=\"canonical\" href=\"https:\/\/came-italy.com\/it\/came-ti-aspetta-a-coiltech-pordenone-2026\/\" \/>\n<meta property=\"og:locale\" content=\"it_IT\" \/>\n<meta property=\"og:type\" content=\"article\" \/>\n<meta property=\"og:title\" content=\"Came ti aspetta a Coiltech Pordenone 2026 - Came Spa\" \/>\n<meta property=\"og:description\" content=\"Durante la fiera presenteremo alcune tra le nostre innovazioni per l\u2019efficientamento delle elettropompe e la riduzione dei rischi per l\u2019industrializzazione dei motori BLDC. SCARICA TICKET &nbsp; Il 23 e 24 settembre 2026 a Pordenone Coiltech \u00e8 una delle fiere internazionali pi\u00f9 importanti dedicate agli avvolgimenti per motori elettrici con pi\u00f9 di 450 espositori presenti. Un [&hellip;]\" \/>\n<meta property=\"og:url\" content=\"https:\/\/came-italy.com\/it\/came-ti-aspetta-a-coiltech-pordenone-2026\/\" \/>\n<meta property=\"og:site_name\" content=\"Came Spa\" \/>\n<meta property=\"article:published_time\" content=\"2026-09-03T11:17:18+00:00\" \/>\n<meta property=\"og:image\" content=\"https:\/\/came-italy.com\/wp-content\/uploads\/2026\/09\/Coiltech-2026-Pordenone-ita.jpg\" \/>\n\t<meta property=\"og:image:width\" content=\"850\" \/>\n\t<meta property=\"og:image:height\" content=\"502\" \/>\n\t<meta property=\"og:image:type\" content=\"image\/jpeg\" \/>\n<meta name=\"author\" content=\"Sofija Mijalkovic\" \/>\n<meta name=\"twitter:card\" content=\"summary_large_image\" \/>\n<meta name=\"twitter:label1\" content=\"Scritto da\" \/>\n\t<meta name=\"twitter:data1\" content=\"Sofija Mijalkovic\" \/>\n\t<meta name=\"twitter:label2\" content=\"Tempo di lettura stimato\" \/>\n\t<meta name=\"twitter:data2\" content=\"1 minuto\" \/>\n<script type=\"application\/ld+json\" class=\"yoast-schema-graph\">{\"@context\":\"https:\\\/\\\/schema.org\",\"@graph\":[{\"@type\":\"Article\",\"@id\":\"https:\\\/\\\/came-italy.com\\\/it\\\/came-ti-aspetta-a-coiltech-pordenone-2026\\\/#article\",\"isPartOf\":{\"@id\":\"https:\\\/\\\/came-italy.com\\\/it\\\/came-ti-aspetta-a-coiltech-pordenone-2026\\\/\"},\"author\":{\"name\":\"Sofija Mijalkovic\",\"@id\":\"https:\\\/\\\/came-italy.com\\\/it\\\/#\\\/schema\\\/person\\\/7ddb129627133618adcf02ad5052e31c\"},\"headline\":\"Came ti aspetta a Coiltech Pordenone 2026\",\"datePublished\":\"2026-09-03T11:17:18+00:00\",\"mainEntityOfPage\":{\"@id\":\"https:\\\/\\\/came-italy.com\\\/it\\\/came-ti-aspetta-a-coiltech-pordenone-2026\\\/\"},\"wordCount\":149,\"commentCount\":0,\"publisher\":{\"@id\":\"https:\\\/\\\/came-italy.com\\\/it\\\/#organization\"},\"image\":{\"@id\":\"https:\\\/\\\/came-italy.com\\\/it\\\/came-ti-aspetta-a-coiltech-pordenone-2026\\\/#primaryimage\"},\"thumbnailUrl\":\"https:\\\/\\\/came-italy.com\\\/wp-content\\\/uploads\\\/2026\\\/09\\\/Coiltech-2026-Pordenone-ita.jpg\",\"keywords\":[\"automazione_industriale\",\"avvolgimenti\",\"cameitaly\",\"Coiltech\",\"coiltech2026\",\"controllo_ul\",\"efficienza_energetica\",\"elettropompe\",\"industria\",\"industrializzazione\",\"innovazione\",\"motori_bldc\",\"motori_elettrici\",\"Pordenone\"],\"articleSection\":[\"Uncategorized\"],\"inLanguage\":\"it-IT\",\"potentialAction\":[{\"@type\":\"CommentAction\",\"name\":\"Comment\",\"target\":[\"https:\\\/\\\/came-italy.com\\\/it\\\/came-ti-aspetta-a-coiltech-pordenone-2026\\\/#respond\"]}]},{\"@type\":\"WebPage\",\"@id\":\"https:\\\/\\\/came-italy.com\\\/it\\\/came-ti-aspetta-a-coiltech-pordenone-2026\\\/\",\"url\":\"https:\\\/\\\/came-italy.com\\\/it\\\/came-ti-aspetta-a-coiltech-pordenone-2026\\\/\",\"name\":\"Came ti aspetta a Coiltech Pordenone 2026 - Came Spa\",\"isPartOf\":{\"@id\":\"https:\\\/\\\/came-italy.com\\\/it\\\/#website\"},\"primaryImageOfPage\":{\"@id\":\"https:\\\/\\\/came-italy.com\\\/it\\\/came-ti-aspetta-a-coiltech-pordenone-2026\\\/#primaryimage\"},\"image\":{\"@id\":\"https:\\\/\\\/came-italy.com\\\/it\\\/came-ti-aspetta-a-coiltech-pordenone-2026\\\/#primaryimage\"},\"thumbnailUrl\":\"https:\\\/\\\/came-italy.com\\\/wp-content\\\/uploads\\\/2026\\\/09\\\/Coiltech-2026-Pordenone-ita.jpg\",\"datePublished\":\"2026-09-03T11:17:18+00:00\",\"breadcrumb\":{\"@id\":\"https:\\\/\\\/came-italy.com\\\/it\\\/came-ti-aspetta-a-coiltech-pordenone-2026\\\/#breadcrumb\"},\"inLanguage\":\"it-IT\",\"potentialAction\":[{\"@type\":\"ReadAction\",\"target\":[\"https:\\\/\\\/came-italy.com\\\/it\\\/came-ti-aspetta-a-coiltech-pordenone-2026\\\/\"]}]},{\"@type\":\"ImageObject\",\"inLanguage\":\"it-IT\",\"@id\":\"https:\\\/\\\/came-italy.com\\\/it\\\/came-ti-aspetta-a-coiltech-pordenone-2026\\\/#primaryimage\",\"url\":\"https:\\\/\\\/came-italy.com\\\/wp-content\\\/uploads\\\/2026\\\/09\\\/Coiltech-2026-Pordenone-ita.jpg\",\"contentUrl\":\"https:\\\/\\\/came-italy.com\\\/wp-content\\\/uploads\\\/2026\\\/09\\\/Coiltech-2026-Pordenone-ita.jpg\",\"width\":850,\"height\":502},{\"@type\":\"BreadcrumbList\",\"@id\":\"https:\\\/\\\/came-italy.com\\\/it\\\/came-ti-aspetta-a-coiltech-pordenone-2026\\\/#breadcrumb\",\"itemListElement\":[{\"@type\":\"ListItem\",\"position\":1,\"name\":\"Home\",\"item\":\"https:\\\/\\\/came-italy.com\\\/it\\\/\"},{\"@type\":\"ListItem\",\"position\":2,\"name\":\"Came ti aspetta a Coiltech Pordenone 2026\"}]},{\"@type\":\"WebSite\",\"@id\":\"https:\\\/\\\/came-italy.com\\\/it\\\/#website\",\"url\":\"https:\\\/\\\/came-italy.com\\\/it\\\/\",\"name\":\"Came Spa\",\"description\":\"Avvolgimenti e componenti per motori elettrici\",\"publisher\":{\"@id\":\"https:\\\/\\\/came-italy.com\\\/it\\\/#organization\"},\"potentialAction\":[{\"@type\":\"SearchAction\",\"target\":{\"@type\":\"EntryPoint\",\"urlTemplate\":\"https:\\\/\\\/came-italy.com\\\/it\\\/?s={search_term_string}\"},\"query-input\":{\"@type\":\"PropertyValueSpecification\",\"valueRequired\":true,\"valueName\":\"search_term_string\"}}],\"inLanguage\":\"it-IT\"},{\"@type\":\"Organization\",\"@id\":\"https:\\\/\\\/came-italy.com\\\/it\\\/#organization\",\"name\":\"Came Spa\",\"url\":\"https:\\\/\\\/came-italy.com\\\/it\\\/\",\"logo\":{\"@type\":\"ImageObject\",\"inLanguage\":\"it-IT\",\"@id\":\"https:\\\/\\\/came-italy.com\\\/it\\\/#\\\/schema\\\/logo\\\/image\\\/\",\"url\":\"https:\\\/\\\/came-italy.com\\\/wp-content\\\/uploads\\\/2016\\\/07\\\/logo-came-spa.png\",\"contentUrl\":\"https:\\\/\\\/came-italy.com\\\/wp-content\\\/uploads\\\/2016\\\/07\\\/logo-came-spa.png\",\"width\":766,\"height\":129,\"caption\":\"Came Spa\"},\"image\":{\"@id\":\"https:\\\/\\\/came-italy.com\\\/it\\\/#\\\/schema\\\/logo\\\/image\\\/\"}},{\"@type\":\"Person\",\"@id\":\"https:\\\/\\\/came-italy.com\\\/it\\\/#\\\/schema\\\/person\\\/7ddb129627133618adcf02ad5052e31c\",\"name\":\"Sofija Mijalkovic\",\"image\":{\"@type\":\"ImageObject\",\"inLanguage\":\"it-IT\",\"@id\":\"https:\\\/\\\/secure.gravatar.com\\\/avatar\\\/c233b56537785bff795adef9cafb590a99b955b47c44bccca5f382c3c52683ce?s=96&d=mm&r=g\",\"url\":\"https:\\\/\\\/secure.gravatar.com\\\/avatar\\\/c233b56537785bff795adef9cafb590a99b955b47c44bccca5f382c3c52683ce?s=96&d=mm&r=g\",\"contentUrl\":\"https:\\\/\\\/secure.gravatar.com\\\/avatar\\\/c233b56537785bff795adef9cafb590a99b955b47c44bccca5f382c3c52683ce?s=96&d=mm&r=g\",\"caption\":\"Sofija Mijalkovic\"},\"url\":\"https:\\\/\\\/came-italy.com\\\/it\\\/author\\\/sofija\\\/\"}]}<\/script>\n<!-- \/ Yoast SEO plugin. -->","yoast_head_json":{"title":"Came ti aspetta a Coiltech Pordenone 2026 - Came Spa","robots":{"index":"index","follow":"follow","max-snippet":"max-snippet:-1","max-image-preview":"max-image-preview:large","max-video-preview":"max-video-preview:-1"},"canonical":"https:\/\/came-italy.com\/it\/came-ti-aspetta-a-coiltech-pordenone-2026\/","og_locale":"it_IT","og_type":"article","og_title":"Came ti aspetta a Coiltech Pordenone 2026 - Came Spa","og_description":"Durante la fiera presenteremo alcune tra le nostre innovazioni per l\u2019efficientamento delle elettropompe e la riduzione dei rischi per l\u2019industrializzazione dei motori BLDC. SCARICA TICKET &nbsp; Il 23 e 24 settembre 2026 a Pordenone Coiltech \u00e8 una delle fiere internazionali pi\u00f9 importanti dedicate agli avvolgimenti per motori elettrici con pi\u00f9 di 450 espositori presenti. Un [&hellip;]","og_url":"https:\/\/came-italy.com\/it\/came-ti-aspetta-a-coiltech-pordenone-2026\/","og_site_name":"Came Spa","article_published_time":"2026-09-03T11:17:18+00:00","og_image":[{"width":850,"height":502,"url":"https:\/\/came-italy.com\/wp-content\/uploads\/2026\/09\/Coiltech-2026-Pordenone-ita.jpg","type":"image\/jpeg"}],"author":"Sofija Mijalkovic","twitter_card":"summary_large_image","twitter_misc":{"Scritto da":"Sofija Mijalkovic","Tempo di lettura stimato":"1 minuto"},"schema":{"@context":"https:\/\/schema.org","@graph":[{"@type":"Article","@id":"https:\/\/came-italy.com\/it\/came-ti-aspetta-a-coiltech-pordenone-2026\/#article","isPartOf":{"@id":"https:\/\/came-italy.com\/it\/came-ti-aspetta-a-coiltech-pordenone-2026\/"},"author":{"name":"Sofija Mijalkovic","@id":"https:\/\/came-italy.com\/it\/#\/schema\/person\/7ddb129627133618adcf02ad5052e31c"},"headline":"Came ti aspetta a Coiltech Pordenone 2026","datePublished":"2026-09-03T11:17:18+00:00","mainEntityOfPage":{"@id":"https:\/\/came-italy.com\/it\/came-ti-aspetta-a-coiltech-pordenone-2026\/"},"wordCount":149,"commentCount":0,"publisher":{"@id":"https:\/\/came-italy.com\/it\/#organization"},"image":{"@id":"https:\/\/came-italy.com\/it\/came-ti-aspetta-a-coiltech-pordenone-2026\/#primaryimage"},"thumbnailUrl":"https:\/\/came-italy.com\/wp-content\/uploads\/2026\/09\/Coiltech-2026-Pordenone-ita.jpg","keywords":["automazione_industriale","avvolgimenti","cameitaly","Coiltech","coiltech2026","controllo_ul","efficienza_energetica","elettropompe","industria","industrializzazione","innovazione","motori_bldc","motori_elettrici","Pordenone"],"articleSection":["Uncategorized"],"inLanguage":"it-IT","potentialAction":[{"@type":"CommentAction","name":"Comment","target":["https:\/\/came-italy.com\/it\/came-ti-aspetta-a-coiltech-pordenone-2026\/#respond"]}]},{"@type":"WebPage","@id":"https:\/\/came-italy.com\/it\/came-ti-aspetta-a-coiltech-pordenone-2026\/","url":"https:\/\/came-italy.com\/it\/came-ti-aspetta-a-coiltech-pordenone-2026\/","name":"Came ti aspetta a Coiltech Pordenone 2026 - Came Spa","isPartOf":{"@id":"https:\/\/came-italy.com\/it\/#website"},"primaryImageOfPage":{"@id":"https:\/\/came-italy.com\/it\/came-ti-aspetta-a-coiltech-pordenone-2026\/#primaryimage"},"image":{"@id":"https:\/\/came-italy.com\/it\/came-ti-aspetta-a-coiltech-pordenone-2026\/#primaryimage"},"thumbnailUrl":"https:\/\/came-italy.com\/wp-content\/uploads\/2026\/09\/Coiltech-2026-Pordenone-ita.jpg","datePublished":"2026-09-03T11:17:18+00:00","breadcrumb":{"@id":"https:\/\/came-italy.com\/it\/came-ti-aspetta-a-coiltech-pordenone-2026\/#breadcrumb"},"inLanguage":"it-IT","potentialAction":[{"@type":"ReadAction","target":["https:\/\/came-italy.com\/it\/came-ti-aspetta-a-coiltech-pordenone-2026\/"]}]},{"@type":"ImageObject","inLanguage":"it-IT","@id":"https:\/\/came-italy.com\/it\/came-ti-aspetta-a-coiltech-pordenone-2026\/#primaryimage","url":"https:\/\/came-italy.com\/wp-content\/uploads\/2026\/09\/Coiltech-2026-Pordenone-ita.jpg","contentUrl":"https:\/\/came-italy.com\/wp-content\/uploads\/2026\/09\/Coiltech-2026-Pordenone-ita.jpg","width":850,"height":502},{"@type":"BreadcrumbList","@id":"https:\/\/came-italy.com\/it\/came-ti-aspetta-a-coiltech-pordenone-2026\/#breadcrumb","itemListElement":[{"@type":"ListItem","position":1,"name":"Home","item":"https:\/\/came-italy.com\/it\/"},{"@type":"ListItem","position":2,"name":"Came ti aspetta a Coiltech Pordenone 2026"}]},{"@type":"WebSite","@id":"https:\/\/came-italy.com\/it\/#website","url":"https:\/\/came-italy.com\/it\/","name":"Came Spa","description":"Avvolgimenti e componenti per motori elettrici","publisher":{"@id":"https:\/\/came-italy.com\/it\/#organization"},"potentialAction":[{"@type":"SearchAction","target":{"@type":"EntryPoint","urlTemplate":"https:\/\/came-italy.com\/it\/?s={search_term_string}"},"query-input":{"@type":"PropertyValueSpecification","valueRequired":true,"valueName":"search_term_string"}}],"inLanguage":"it-IT"},{"@type":"Organization","@id":"https:\/\/came-italy.com\/it\/#organization","name":"Came Spa","url":"https:\/\/came-italy.com\/it\/","logo":{"@type":"ImageObject","inLanguage":"it-IT","@id":"https:\/\/came-italy.com\/it\/#\/schema\/logo\/image\/","url":"https:\/\/came-italy.com\/wp-content\/uploads\/2016\/07\/logo-came-spa.png","contentUrl":"https:\/\/came-italy.com\/wp-content\/uploads\/2016\/07\/logo-came-spa.png","width":766,"height":129,"caption":"Came Spa"},"image":{"@id":"https:\/\/came-italy.com\/it\/#\/schema\/logo\/image\/"}},{"@type":"Person","@id":"https:\/\/came-italy.com\/it\/#\/schema\/person\/7ddb129627133618adcf02ad5052e31c","name":"Sofija Mijalkovic","image":{"@type":"ImageObject","inLanguage":"it-IT","@id":"https:\/\/secure.gravatar.com\/avatar\/c233b56537785bff795adef9cafb590a99b955b47c44bccca5f382c3c52683ce?s=96&d=mm&r=g","url":"https:\/\/secure.gravatar.com\/avatar\/c233b56537785bff795adef9cafb590a99b955b47c44bccca5f382c3c52683ce?s=96&d=mm&r=g","contentUrl":"https:\/\/secure.gravatar.com\/avatar\/c233b56537785bff795adef9cafb590a99b955b47c44bccca5f382c3c52683ce?s=96&d=mm&r=g","caption":"Sofija Mijalkovic"},"url":"https:\/\/came-italy.com\/it\/author\/sofija\/"}]}},"_links":{"self":[{"href":"https:\/\/came-italy.com\/it\/wp-json\/wp\/v2\/posts\/20748","targetHints":{"allow":["GET"]}}],"collection":[{"href":"https:\/\/came-italy.com\/it\/wp-json\/wp\/v2\/posts"}],"about":[{"href":"https:\/\/came-italy.com\/it\/wp-json\/wp\/v2\/types\/post"}],"author":[{"embeddable":true,"href":"https:\/\/came-italy.com\/it\/wp-json\/wp\/v2\/users\/14"}],"replies":[{"embeddable":true,"href":"https:\/\/came-italy.com\/it\/wp-json\/wp\/v2\/comments?post=20748"}],"version-history":[{"count":4,"href":"https:\/\/came-italy.com\/it\/wp-json\/wp\/v2\/posts\/20748\/revisions"}],"predecessor-version":[{"id":20762,"href":"https:\/\/came-italy.com\/it\/wp-json\/wp\/v2\/posts\/20748\/revisions\/20762"}],"wp:featuredmedia":[{"embeddable":true,"href":"https:\/\/came-italy.com\/it\/wp-json\/wp\/v2\/media\/20752"}],"wp:attachment":[{"href":"https:\/\/came-italy.com\/it\/wp-json\/wp\/v2\/media?parent=20748"}],"wp:term":[{"taxonomy":"category","embeddable":true,"href":"https:\/\/came-italy.com\/it\/wp-json\/wp\/v2\/categories?post=20748"},{"taxonomy":"post_tag","embeddable":true,"href":"https:\/\/came-italy.com\/it\/wp-json\/wp\/v2\/tags?post=20748"}],"curies":[{"name":"wp","href":"https:\/\/api.w.org\/{rel}","templated":true}]}}